{"id":10060,"date":"2024-05-23T01:07:44","date_gmt":"2024-05-23T01:07:44","guid":{"rendered":"https:\/\/fiat600light.com.ar\/?p=10060"},"modified":"2024-05-23T01:07:45","modified_gmt":"2024-05-23T01:07:45","slug":"un-regreso-muy-esperado","status":"publish","type":"post","link":"https:\/\/fiat600light.com.ar\/index.php\/2024\/05\/23\/un-regreso-muy-esperado\/","title":{"rendered":"UN REGRESO MUY ESPERADO"},"content":{"rendered":"\n<h1 class=\"wp-block-heading has-medium-font-size\"><strong>Fernando Leivas se hab\u00eda tenido que bajar del auto por motivos de salud y si bien se mantuvo activo con la preparaci\u00f3n de los autos, no se rindi\u00f3 y pudo volver a subirse en el coliseo porte\u00f1o, en una fecha que quedar\u00e1 guardada por siempre para \u00e9l y su familia.<\/strong><img decoding=\"async\" width=\"1200\" height=\"800\" class=\"wp-image-10062 lazyload\" style=\"--smush-placeholder-width: 1200px; --smush-placeholder-aspect-ratio: 1200\/800;width: 1200px;\" data-src=\"https:\/\/fiat600light.com.ar\/wp-content\/uploads\/2024\/05\/DSC7686.jpg\" alt=\"\" data-srcset=\"https:\/\/fiat600light.com.ar\/wp-content\/uploads\/2024\/05\/DSC7686.jpg 1280w, https:\/\/fiat600light.com.ar\/wp-content\/uploads\/2024\/05\/DSC7686-300x200.jpg 300w, https:\/\/fiat600light.com.ar\/wp-content\/uploads\/2024\/05\/DSC7686-1024x682.jpg 1024w, https:\/\/fiat600light.com.ar\/wp-content\/uploads\/2024\/05\/DSC7686-768x512.jpg 768w\" data-sizes=\"auto, (max-width: 1200px) 100vw, 1200px\" src=\"data:image\/svg+xml;base64,PHN2ZyB3aWR0aD0iMSIgaGVpZ2h0PSIxIiB4bWxucz0iaHR0cDovL3d3dy53My5vcmcvMjAwMC9zdmciPjwvc3ZnPg==\" \/><strong><br><a href=\"https:\/\/www.instagram.com\/jamesport_1\/\">@jamesport_1<\/a><br>\u201cContento con el regreso, el auto va muy bien y me falta a mi entrar en ritmo. Tengo que acostumbrarme nuevamente al auto, pero contento y feliz por m\u00ed, por mi familia, lo disfrutamos mucho y ya estamos trabajando para la pr\u00f3xima con Walter Rinc\u00f3n.<br>Es una sensaci\u00f3n incre\u00edble volver a subirme al auto, volver a disfrutarlo desde adentro fue una alegr\u00eda inmensa para m\u00ed y compartirlo nuevamente con la familia, los amigos y la familia Rinc\u00f3n\u201d cerr\u00f3 el representante de Caseros.<\/strong><\/h1>\n","protected":false},"excerpt":{"rendered":"<p>Fernando Leivas se hab\u00eda tenido que bajar del auto por motivos de salud y si bien se mantuvo activo con la preparaci\u00f3n de los autos, no se rindi\u00f3 y pudo [&hellip;]<\/p>\n","protected":false},"author":2,"featured_media":10061,"comment_status":"open","ping_status":"open","sticky":false,"template":"","format":"standard","meta":{"ngg_post_thumbnail":0,"footnotes":""},"categories":[14],"tags":[],"class_list":["post-10060","post","type-post","status-publish","format-standard","has-post-thumbnail","hentry","category-noticias"],"blocksy_meta":[],"_links":{"self":[{"href":"https:\/\/fiat600light.com.ar\/index.php\/wp-json\/wp\/v2\/posts\/10060","targetHints":{"allow":["GET"]}}],"collection":[{"href":"https:\/\/fiat600light.com.ar\/index.php\/wp-json\/wp\/v2\/posts"}],"about":[{"href":"https:\/\/fiat600light.com.ar\/index.php\/wp-json\/wp\/v2\/types\/post"}],"author":[{"embeddable":true,"href":"https:\/\/fiat600light.com.ar\/index.php\/wp-json\/wp\/v2\/users\/2"}],"replies":[{"embeddable":true,"href":"https:\/\/fiat600light.com.ar\/index.php\/wp-json\/wp\/v2\/comments?post=10060"}],"version-history":[{"count":1,"href":"https:\/\/fiat600light.com.ar\/index.php\/wp-json\/wp\/v2\/posts\/10060\/revisions"}],"predecessor-version":[{"id":10063,"href":"https:\/\/fiat600light.com.ar\/index.php\/wp-json\/wp\/v2\/posts\/10060\/revisions\/10063"}],"wp:featuredmedia":[{"embeddable":true,"href":"https:\/\/fiat600light.com.ar\/index.php\/wp-json\/wp\/v2\/media\/10061"}],"wp:attachment":[{"href":"https:\/\/fiat600light.com.ar\/index.php\/wp-json\/wp\/v2\/media?parent=10060"}],"wp:term":[{"taxonomy":"category","embeddable":true,"href":"https:\/\/fiat600light.com.ar\/index.php\/wp-json\/wp\/v2\/categories?post=10060"},{"taxonomy":"post_tag","embeddable":true,"href":"https:\/\/fiat600light.com.ar\/index.php\/wp-json\/wp\/v2\/tags?post=10060"}],"curies":[{"name":"wp","href":"https:\/\/api.w.org\/{rel}","templated":true}]}}