{"id":10327,"date":"2024-06-20T13:41:51","date_gmt":"2024-06-20T13:41:51","guid":{"rendered":"https:\/\/fiat600light.com.ar\/?p=10327"},"modified":"2024-06-20T13:41:53","modified_gmt":"2024-06-20T13:41:53","slug":"sigue-sumando","status":"publish","type":"post","link":"https:\/\/fiat600light.com.ar\/index.php\/2024\/06\/20\/sigue-sumando\/","title":{"rendered":"SIGUE SUMANDO"},"content":{"rendered":"\n<h1 class=\"wp-block-heading has-medium-font-size\"><strong>Ezequiel Sevillano volvi\u00f3 a tener un buen funcionamiento y nuevamente sum\u00f3 buenos puntos en el campeonato, donde marcha 6\u00ba.<\/strong><img decoding=\"async\" width=\"1200\" height=\"800\" class=\"wp-image-10328 lazyload\" style=\"--smush-placeholder-width: 1200px; --smush-placeholder-aspect-ratio: 1200\/800;width: 1200px;\" data-src=\"https:\/\/fiat600light.com.ar\/wp-content\/uploads\/2024\/06\/DSC9288.jpg\" alt=\"\" data-srcset=\"https:\/\/fiat600light.com.ar\/wp-content\/uploads\/2024\/06\/DSC9288.jpg 1280w, https:\/\/fiat600light.com.ar\/wp-content\/uploads\/2024\/06\/DSC9288-300x200.jpg 300w, https:\/\/fiat600light.com.ar\/wp-content\/uploads\/2024\/06\/DSC9288-1024x682.jpg 1024w, https:\/\/fiat600light.com.ar\/wp-content\/uploads\/2024\/06\/DSC9288-768x512.jpg 768w\" data-sizes=\"auto, (max-width: 1200px) 100vw, 1200px\" src=\"data:image\/svg+xml;base64,PHN2ZyB3aWR0aD0iMSIgaGVpZ2h0PSIxIiB4bWxucz0iaHR0cDovL3d3dy53My5vcmcvMjAwMC9zdmciPjwvc3ZnPg==\" \/><strong><br>El de Ca\u00f1uelas hizo un an\u00e1lisis de lo que dej\u00f3 la \u00faltima cita y coment\u00f3: \u201cNos vinimos contentos con el rendimiento del auto ya que anduvo muy bien todo el fin de semana, pero en la primera final no tuvimos suerte cuando ven\u00edamos peleando la punta y por una mancha de aceite nos quedamos afuera. En la segunda final largando del fondo pudimos remontar y terminar 8\u00ba.<br>Ahora vamos a hacer un repaso general ya que el auto termin\u00f3 andando muy bien\u201d cerr\u00f3.<\/strong><\/h1>\n","protected":false},"excerpt":{"rendered":"<p>Ezequiel Sevillano volvi\u00f3 a tener un buen funcionamiento y nuevamente sum\u00f3 buenos puntos en el campeonato, donde marcha 6\u00ba.El de Ca\u00f1uelas hizo un an\u00e1lisis de lo que dej\u00f3 la \u00faltima [&hellip;]<\/p>\n","protected":false},"author":2,"featured_media":10329,"comment_status":"open","ping_status":"open","sticky":false,"template":"","format":"standard","meta":{"ngg_post_thumbnail":0,"footnotes":""},"categories":[14],"tags":[],"class_list":["post-10327","post","type-post","status-publish","format-standard","has-post-thumbnail","hentry","category-noticias"],"blocksy_meta":[],"_links":{"self":[{"href":"https:\/\/fiat600light.com.ar\/index.php\/wp-json\/wp\/v2\/posts\/10327","targetHints":{"allow":["GET"]}}],"collection":[{"href":"https:\/\/fiat600light.com.ar\/index.php\/wp-json\/wp\/v2\/posts"}],"about":[{"href":"https:\/\/fiat600light.com.ar\/index.php\/wp-json\/wp\/v2\/types\/post"}],"author":[{"embeddable":true,"href":"https:\/\/fiat600light.com.ar\/index.php\/wp-json\/wp\/v2\/users\/2"}],"replies":[{"embeddable":true,"href":"https:\/\/fiat600light.com.ar\/index.php\/wp-json\/wp\/v2\/comments?post=10327"}],"version-history":[{"count":1,"href":"https:\/\/fiat600light.com.ar\/index.php\/wp-json\/wp\/v2\/posts\/10327\/revisions"}],"predecessor-version":[{"id":10330,"href":"https:\/\/fiat600light.com.ar\/index.php\/wp-json\/wp\/v2\/posts\/10327\/revisions\/10330"}],"wp:featuredmedia":[{"embeddable":true,"href":"https:\/\/fiat600light.com.ar\/index.php\/wp-json\/wp\/v2\/media\/10329"}],"wp:attachment":[{"href":"https:\/\/fiat600light.com.ar\/index.php\/wp-json\/wp\/v2\/media?parent=10327"}],"wp:term":[{"taxonomy":"category","embeddable":true,"href":"https:\/\/fiat600light.com.ar\/index.php\/wp-json\/wp\/v2\/categories?post=10327"},{"taxonomy":"post_tag","embeddable":true,"href":"https:\/\/fiat600light.com.ar\/index.php\/wp-json\/wp\/v2\/tags?post=10327"}],"curies":[{"name":"wp","href":"https:\/\/api.w.org\/{rel}","templated":true}]}}