{"id":10594,"date":"2024-07-09T00:02:48","date_gmt":"2024-07-09T00:02:48","guid":{"rendered":"https:\/\/fiat600light.com.ar\/?p=10594"},"modified":"2024-07-09T00:02:49","modified_gmt":"2024-07-09T00:02:49","slug":"cada-vez-mas-firme-2","status":"publish","type":"post","link":"https:\/\/fiat600light.com.ar\/index.php\/2024\/07\/09\/cada-vez-mas-firme-2\/","title":{"rendered":"CADA VEZ MAS FIRME"},"content":{"rendered":"\n<h1 class=\"wp-block-heading has-medium-font-size\">As\u00ed se muestra Eze Monteiro en su primera temporada a tiempo completo en la divisional, donde ya logr\u00f3 afianzarse entre los 10 y en la \u00faltima se qued\u00f3 con su primera \u201cpole positi\u00f3n\u201d. Ahora, se trabaja arduamente para llegar a tiempo a la 5\u00aa cita del a\u00f1o, luego del fuerte choque sufrido en la \u00faltima fecha.<img decoding=\"async\" width=\"1200\" height=\"800\" class=\"wp-image-10589 lazyload\" style=\"--smush-placeholder-width: 1200px; --smush-placeholder-aspect-ratio: 1200\/800;width: 1200px;\" data-src=\"https:\/\/fiat600light.com.ar\/wp-content\/uploads\/2024\/07\/DSC2798.jpg\" alt=\"\" data-srcset=\"https:\/\/fiat600light.com.ar\/wp-content\/uploads\/2024\/07\/DSC2798.jpg 1280w, https:\/\/fiat600light.com.ar\/wp-content\/uploads\/2024\/07\/DSC2798-300x200.jpg 300w, https:\/\/fiat600light.com.ar\/wp-content\/uploads\/2024\/07\/DSC2798-1024x682.jpg 1024w, https:\/\/fiat600light.com.ar\/wp-content\/uploads\/2024\/07\/DSC2798-768x512.jpg 768w\" data-sizes=\"auto, (max-width: 1200px) 100vw, 1200px\" src=\"data:image\/svg+xml;base64,PHN2ZyB3aWR0aD0iMSIgaGVpZ2h0PSIxIiB4bWxucz0iaHR0cDovL3d3dy53My5vcmcvMjAwMC9zdmciPjwvc3ZnPg==\" \/><br>\u201cContento con el \u00faltimo fin de semana en donde fuimos de menor a mayor el s\u00e1bado. Sab\u00edamos que ten\u00edamos un auto para estar adelante, pero no me imaginaba hacer la \u201cpole\u201d, as\u00ed que muy contento de haberla logrado y m\u00e1s a\u00fan en una categor\u00eda tan competitiva.<br>Agradecido con Piripi y Tala que me entregan un gran auto, a toda mi familia y los sponsors que me permiten estar en pista\u201d cerr\u00f3 el piloto de Avellaneda.<\/h1>\n","protected":false},"excerpt":{"rendered":"<p>As\u00ed se muestra Eze Monteiro en su primera temporada a tiempo completo en la divisional, donde ya logr\u00f3 afianzarse entre los 10 y en la \u00faltima se qued\u00f3 con su [&hellip;]<\/p>\n","protected":false},"author":2,"featured_media":10588,"comment_status":"open","ping_status":"open","sticky":false,"template":"","format":"standard","meta":{"ngg_post_thumbnail":0,"footnotes":""},"categories":[14],"tags":[],"class_list":["post-10594","post","type-post","status-publish","format-standard","has-post-thumbnail","hentry","category-noticias"],"blocksy_meta":[],"_links":{"self":[{"href":"https:\/\/fiat600light.com.ar\/index.php\/wp-json\/wp\/v2\/posts\/10594","targetHints":{"allow":["GET"]}}],"collection":[{"href":"https:\/\/fiat600light.com.ar\/index.php\/wp-json\/wp\/v2\/posts"}],"about":[{"href":"https:\/\/fiat600light.com.ar\/index.php\/wp-json\/wp\/v2\/types\/post"}],"author":[{"embeddable":true,"href":"https:\/\/fiat600light.com.ar\/index.php\/wp-json\/wp\/v2\/users\/2"}],"replies":[{"embeddable":true,"href":"https:\/\/fiat600light.com.ar\/index.php\/wp-json\/wp\/v2\/comments?post=10594"}],"version-history":[{"count":1,"href":"https:\/\/fiat600light.com.ar\/index.php\/wp-json\/wp\/v2\/posts\/10594\/revisions"}],"predecessor-version":[{"id":10595,"href":"https:\/\/fiat600light.com.ar\/index.php\/wp-json\/wp\/v2\/posts\/10594\/revisions\/10595"}],"wp:featuredmedia":[{"embeddable":true,"href":"https:\/\/fiat600light.com.ar\/index.php\/wp-json\/wp\/v2\/media\/10588"}],"wp:attachment":[{"href":"https:\/\/fiat600light.com.ar\/index.php\/wp-json\/wp\/v2\/media?parent=10594"}],"wp:term":[{"taxonomy":"category","embeddable":true,"href":"https:\/\/fiat600light.com.ar\/index.php\/wp-json\/wp\/v2\/categories?post=10594"},{"taxonomy":"post_tag","embeddable":true,"href":"https:\/\/fiat600light.com.ar\/index.php\/wp-json\/wp\/v2\/tags?post=10594"}],"curies":[{"name":"wp","href":"https:\/\/api.w.org\/{rel}","templated":true}]}}