{"id":10596,"date":"2024-07-09T00:04:39","date_gmt":"2024-07-09T00:04:39","guid":{"rendered":"https:\/\/fiat600light.com.ar\/?p=10596"},"modified":"2024-07-09T00:04:40","modified_gmt":"2024-07-09T00:04:40","slug":"contrareloj","status":"publish","type":"post","link":"https:\/\/fiat600light.com.ar\/index.php\/2024\/07\/09\/contrareloj\/","title":{"rendered":"CONTRARELOJ"},"content":{"rendered":"\n<h1 class=\"wp-block-heading has-medium-font-size\">Mat\u00edas Pati\u00f1o sufri\u00f3 un fuerte choque en la \u00faltima final de los Fiat 600 Light 1.3i que dej\u00f3 el auto muy roto y se trabaja arduamente para poder tenerlo de cara a la pr\u00f3xima fecha.<img decoding=\"async\" width=\"1200\" height=\"800\" class=\"wp-image-10587 lazyload\" style=\"--smush-placeholder-width: 1200px; --smush-placeholder-aspect-ratio: 1200\/800;width: 1200px;\" data-src=\"https:\/\/fiat600light.com.ar\/wp-content\/uploads\/2024\/07\/DSC_0853.jpg\" alt=\"\" data-srcset=\"https:\/\/fiat600light.com.ar\/wp-content\/uploads\/2024\/07\/DSC_0853.jpg 1280w, https:\/\/fiat600light.com.ar\/wp-content\/uploads\/2024\/07\/DSC_0853-300x200.jpg 300w, https:\/\/fiat600light.com.ar\/wp-content\/uploads\/2024\/07\/DSC_0853-1024x682.jpg 1024w, https:\/\/fiat600light.com.ar\/wp-content\/uploads\/2024\/07\/DSC_0853-768x512.jpg 768w\" data-sizes=\"auto, (max-width: 1200px) 100vw, 1200px\" src=\"data:image\/svg+xml;base64,PHN2ZyB3aWR0aD0iMSIgaGVpZ2h0PSIxIiB4bWxucz0iaHR0cDovL3d3dy53My5vcmcvMjAwMC9zdmciPjwvc3ZnPg==\" \/><br><a href=\"https:\/\/www.instagram.com\/matias.patino.1485\/\">@matias.patino.1485<\/a><br>\u201cMe volv\u00ed con un sabor amargo de la \u00faltima fecha porque hicimos podio en la primera final y en la segunda lider\u00e9 en casi toda la final. En la \u00faltima vuelta Guille aprovech\u00f3 muy bien la succi\u00f3n para superarme y estaba para terminar en el podio nuevamente, pero faltando una curva un toque me dej\u00f3 con el auto cruzado en la pista y recib\u00ed un fuerte choque.<br>Por suerte estoy bien y estamos trabajando en el auto para ver si llegamos a la pr\u00f3xima fecha\u201d.<\/h1>\n","protected":false},"excerpt":{"rendered":"<p>Mat\u00edas Pati\u00f1o sufri\u00f3 un fuerte choque en la \u00faltima final de los Fiat 600 Light 1.3i que dej\u00f3 el auto muy roto y se trabaja arduamente para poder tenerlo de [&hellip;]<\/p>\n","protected":false},"author":2,"featured_media":10592,"comment_status":"open","ping_status":"open","sticky":false,"template":"","format":"standard","meta":{"ngg_post_thumbnail":0,"footnotes":""},"categories":[14],"tags":[],"class_list":["post-10596","post","type-post","status-publish","format-standard","has-post-thumbnail","hentry","category-noticias"],"blocksy_meta":[],"_links":{"self":[{"href":"https:\/\/fiat600light.com.ar\/index.php\/wp-json\/wp\/v2\/posts\/10596","targetHints":{"allow":["GET"]}}],"collection":[{"href":"https:\/\/fiat600light.com.ar\/index.php\/wp-json\/wp\/v2\/posts"}],"about":[{"href":"https:\/\/fiat600light.com.ar\/index.php\/wp-json\/wp\/v2\/types\/post"}],"author":[{"embeddable":true,"href":"https:\/\/fiat600light.com.ar\/index.php\/wp-json\/wp\/v2\/users\/2"}],"replies":[{"embeddable":true,"href":"https:\/\/fiat600light.com.ar\/index.php\/wp-json\/wp\/v2\/comments?post=10596"}],"version-history":[{"count":1,"href":"https:\/\/fiat600light.com.ar\/index.php\/wp-json\/wp\/v2\/posts\/10596\/revisions"}],"predecessor-version":[{"id":10597,"href":"https:\/\/fiat600light.com.ar\/index.php\/wp-json\/wp\/v2\/posts\/10596\/revisions\/10597"}],"wp:featuredmedia":[{"embeddable":true,"href":"https:\/\/fiat600light.com.ar\/index.php\/wp-json\/wp\/v2\/media\/10592"}],"wp:attachment":[{"href":"https:\/\/fiat600light.com.ar\/index.php\/wp-json\/wp\/v2\/media?parent=10596"}],"wp:term":[{"taxonomy":"category","embeddable":true,"href":"https:\/\/fiat600light.com.ar\/index.php\/wp-json\/wp\/v2\/categories?post=10596"},{"taxonomy":"post_tag","embeddable":true,"href":"https:\/\/fiat600light.com.ar\/index.php\/wp-json\/wp\/v2\/tags?post=10596"}],"curies":[{"name":"wp","href":"https:\/\/api.w.org\/{rel}","templated":true}]}}