{"id":11139,"date":"2024-10-03T01:07:23","date_gmt":"2024-10-03T01:07:23","guid":{"rendered":"https:\/\/fiat600light.com.ar\/?p=11139"},"modified":"2024-10-03T01:07:24","modified_gmt":"2024-10-03T01:07:24","slug":"a-defender-la-punta-del-torneo","status":"publish","type":"post","link":"https:\/\/fiat600light.com.ar\/index.php\/2024\/10\/03\/a-defender-la-punta-del-torneo\/","title":{"rendered":"A DEFENDER LA PUNTA DEL TORNEO"},"content":{"rendered":"\n<h1 class=\"wp-block-heading has-medium-font-size\">Mat\u00edas Balladares ya espera con gran optimismo esta nueva cita y con el objetivo de ratificar el gran presente por el que est\u00e1 atravesando y que le permite ser el l\u00edder del campeonato.<br><a href=\"https:\/\/www.instagram.com\/maty_balladares\/\">@maty_balladares<\/a><img decoding=\"async\" width=\"1200\" height=\"800\" class=\"wp-image-11118 lazyload\" style=\"--smush-placeholder-width: 1200px; --smush-placeholder-aspect-ratio: 1200\/800;width: 1200px;\" data-src=\"https:\/\/fiat600light.com.ar\/wp-content\/uploads\/2024\/10\/DSC4703.jpg\" alt=\"\" data-srcset=\"https:\/\/fiat600light.com.ar\/wp-content\/uploads\/2024\/10\/DSC4703.jpg 1280w, https:\/\/fiat600light.com.ar\/wp-content\/uploads\/2024\/10\/DSC4703-300x200.jpg 300w, https:\/\/fiat600light.com.ar\/wp-content\/uploads\/2024\/10\/DSC4703-1024x682.jpg 1024w, https:\/\/fiat600light.com.ar\/wp-content\/uploads\/2024\/10\/DSC4703-768x512.jpg 768w\" data-sizes=\"auto, (max-width: 1200px) 100vw, 1200px\" src=\"data:image\/svg+xml;base64,PHN2ZyB3aWR0aD0iMSIgaGVpZ2h0PSIxIiB4bWxucz0iaHR0cDovL3d3dy53My5vcmcvMjAwMC9zdmciPjwvc3ZnPg==\" \/><br>\u201cDe la \u00faltima fecha nos volvimos conformes, pero sab\u00edamos que est\u00e1bamos para mucho m\u00e1s. En la primera final un toque nos releg\u00f3 de poder pelear la carrera y en la segunda por cosas de carrera nos quedamos con otro 5\u00ba puesto. Ahora estamos trabajando en todo<br>el auto, queremos seguir estando en la pelea y no seguir regalando puntos en el campeonato, queda muy poco para el cierre y sabemos que cada punto vale\u201d expres\u00f3 el piloto del Tala Motores.<\/h1>\n","protected":false},"excerpt":{"rendered":"<p>Mat\u00edas Balladares ya espera con gran optimismo esta nueva cita y con el objetivo de ratificar el gran presente por el que est\u00e1 atravesando y que le permite ser el [&hellip;]<\/p>\n","protected":false},"author":2,"featured_media":11110,"comment_status":"open","ping_status":"open","sticky":false,"template":"","format":"standard","meta":{"ngg_post_thumbnail":0,"footnotes":""},"categories":[14],"tags":[],"class_list":["post-11139","post","type-post","status-publish","format-standard","has-post-thumbnail","hentry","category-noticias"],"blocksy_meta":[],"_links":{"self":[{"href":"https:\/\/fiat600light.com.ar\/index.php\/wp-json\/wp\/v2\/posts\/11139","targetHints":{"allow":["GET"]}}],"collection":[{"href":"https:\/\/fiat600light.com.ar\/index.php\/wp-json\/wp\/v2\/posts"}],"about":[{"href":"https:\/\/fiat600light.com.ar\/index.php\/wp-json\/wp\/v2\/types\/post"}],"author":[{"embeddable":true,"href":"https:\/\/fiat600light.com.ar\/index.php\/wp-json\/wp\/v2\/users\/2"}],"replies":[{"embeddable":true,"href":"https:\/\/fiat600light.com.ar\/index.php\/wp-json\/wp\/v2\/comments?post=11139"}],"version-history":[{"count":1,"href":"https:\/\/fiat600light.com.ar\/index.php\/wp-json\/wp\/v2\/posts\/11139\/revisions"}],"predecessor-version":[{"id":11140,"href":"https:\/\/fiat600light.com.ar\/index.php\/wp-json\/wp\/v2\/posts\/11139\/revisions\/11140"}],"wp:featuredmedia":[{"embeddable":true,"href":"https:\/\/fiat600light.com.ar\/index.php\/wp-json\/wp\/v2\/media\/11110"}],"wp:attachment":[{"href":"https:\/\/fiat600light.com.ar\/index.php\/wp-json\/wp\/v2\/media?parent=11139"}],"wp:term":[{"taxonomy":"category","embeddable":true,"href":"https:\/\/fiat600light.com.ar\/index.php\/wp-json\/wp\/v2\/categories?post=11139"},{"taxonomy":"post_tag","embeddable":true,"href":"https:\/\/fiat600light.com.ar\/index.php\/wp-json\/wp\/v2\/tags?post=11139"}],"curies":[{"name":"wp","href":"https:\/\/api.w.org\/{rel}","templated":true}]}}