{"id":11145,"date":"2024-10-04T00:41:45","date_gmt":"2024-10-04T00:41:45","guid":{"rendered":"https:\/\/fiat600light.com.ar\/?p=11145"},"modified":"2024-10-04T00:41:46","modified_gmt":"2024-10-04T00:41:46","slug":"de-menor-a-mayor-4","status":"publish","type":"post","link":"https:\/\/fiat600light.com.ar\/index.php\/2024\/10\/04\/de-menor-a-mayor-4\/","title":{"rendered":"DE MENOR A MAYOR"},"content":{"rendered":"\n<h1 class=\"wp-block-heading has-medium-font-size\">As\u00ed viene la temporada debut de \u00c1ngel Gardenal en la categor\u00eda junto a Juan Mart\u00ednez y buscar\u00e1n ir por m\u00e1s en la pr\u00f3xima reuni\u00f3n puntuable.<br><a href=\"https:\/\/www.instagram.com\/angelgardenal\/\">@angelgardenal<\/a><img decoding=\"async\" width=\"1200\" height=\"800\" class=\"wp-image-11147 lazyload\" style=\"--smush-placeholder-width: 1200px; --smush-placeholder-aspect-ratio: 1200\/800;width: 1200px;\" data-src=\"https:\/\/fiat600light.com.ar\/wp-content\/uploads\/2024\/10\/DSC2718.jpg\" alt=\"\" data-srcset=\"https:\/\/fiat600light.com.ar\/wp-content\/uploads\/2024\/10\/DSC2718.jpg 1280w, https:\/\/fiat600light.com.ar\/wp-content\/uploads\/2024\/10\/DSC2718-300x200.jpg 300w, https:\/\/fiat600light.com.ar\/wp-content\/uploads\/2024\/10\/DSC2718-1024x682.jpg 1024w, https:\/\/fiat600light.com.ar\/wp-content\/uploads\/2024\/10\/DSC2718-768x512.jpg 768w\" data-sizes=\"auto, (max-width: 1200px) 100vw, 1200px\" src=\"data:image\/svg+xml;base64,PHN2ZyB3aWR0aD0iMSIgaGVpZ2h0PSIxIiB4bWxucz0iaHR0cDovL3d3dy53My5vcmcvMjAwMC9zdmciPjwvc3ZnPg==\" \/><br>\u201cSi bien el finde no se dieron los resultados, estamos conformes con el avance del auto y estamos cada vez m\u00e1s cerca del pelot\u00f3n de punta. Sigo aprendiendo fecha a fecha y estoy muy contento con todo el progreso. Ya estamos trabajando para la pr\u00f3xima y buscaremos ir por m\u00e1s en las fechas que vienen\u201d coment\u00f3 \u00c1ngel.<\/h1>\n","protected":false},"excerpt":{"rendered":"<p>As\u00ed viene la temporada debut de \u00c1ngel Gardenal en la categor\u00eda junto a Juan Mart\u00ednez y buscar\u00e1n ir por m\u00e1s en la pr\u00f3xima reuni\u00f3n puntuable.@angelgardenal\u201cSi bien el finde no se [&hellip;]<\/p>\n","protected":false},"author":2,"featured_media":11148,"comment_status":"open","ping_status":"open","sticky":false,"template":"","format":"standard","meta":{"ngg_post_thumbnail":0,"footnotes":""},"categories":[14],"tags":[],"class_list":["post-11145","post","type-post","status-publish","format-standard","has-post-thumbnail","hentry","category-noticias"],"blocksy_meta":[],"_links":{"self":[{"href":"https:\/\/fiat600light.com.ar\/index.php\/wp-json\/wp\/v2\/posts\/11145","targetHints":{"allow":["GET"]}}],"collection":[{"href":"https:\/\/fiat600light.com.ar\/index.php\/wp-json\/wp\/v2\/posts"}],"about":[{"href":"https:\/\/fiat600light.com.ar\/index.php\/wp-json\/wp\/v2\/types\/post"}],"author":[{"embeddable":true,"href":"https:\/\/fiat600light.com.ar\/index.php\/wp-json\/wp\/v2\/users\/2"}],"replies":[{"embeddable":true,"href":"https:\/\/fiat600light.com.ar\/index.php\/wp-json\/wp\/v2\/comments?post=11145"}],"version-history":[{"count":1,"href":"https:\/\/fiat600light.com.ar\/index.php\/wp-json\/wp\/v2\/posts\/11145\/revisions"}],"predecessor-version":[{"id":11150,"href":"https:\/\/fiat600light.com.ar\/index.php\/wp-json\/wp\/v2\/posts\/11145\/revisions\/11150"}],"wp:featuredmedia":[{"embeddable":true,"href":"https:\/\/fiat600light.com.ar\/index.php\/wp-json\/wp\/v2\/media\/11148"}],"wp:attachment":[{"href":"https:\/\/fiat600light.com.ar\/index.php\/wp-json\/wp\/v2\/media?parent=11145"}],"wp:term":[{"taxonomy":"category","embeddable":true,"href":"https:\/\/fiat600light.com.ar\/index.php\/wp-json\/wp\/v2\/categories?post=11145"},{"taxonomy":"post_tag","embeddable":true,"href":"https:\/\/fiat600light.com.ar\/index.php\/wp-json\/wp\/v2\/tags?post=11145"}],"curies":[{"name":"wp","href":"https:\/\/api.w.org\/{rel}","templated":true}]}}