{"id":11151,"date":"2024-10-04T00:43:24","date_gmt":"2024-10-04T00:43:24","guid":{"rendered":"https:\/\/fiat600light.com.ar\/?p=11151"},"modified":"2024-10-04T00:43:25","modified_gmt":"2024-10-04T00:43:25","slug":"vaccaro-quiere-ser-top-ten","status":"publish","type":"post","link":"https:\/\/fiat600light.com.ar\/index.php\/2024\/10\/04\/vaccaro-quiere-ser-top-ten\/","title":{"rendered":"VACCARO QUIERE SER TOP TEN"},"content":{"rendered":"\n<h1 class=\"wp-block-heading has-medium-font-size\">Mauro Vaccaro se muestra expectante de cara a la pr\u00f3xima fecha y con el objetivo de poder meterse dentro del top ten.<br><a href=\"https:\/\/www.instagram.com\/mauromvr\/\">@mauromvr<\/a><img decoding=\"async\" width=\"1200\" height=\"800\" class=\"wp-image-11149 lazyload\" style=\"--smush-placeholder-width: 1200px; --smush-placeholder-aspect-ratio: 1200\/800;width: 1200px;\" data-src=\"https:\/\/fiat600light.com.ar\/wp-content\/uploads\/2024\/10\/DSC4534.jpg\" alt=\"\" data-srcset=\"https:\/\/fiat600light.com.ar\/wp-content\/uploads\/2024\/10\/DSC4534.jpg 1280w, https:\/\/fiat600light.com.ar\/wp-content\/uploads\/2024\/10\/DSC4534-300x200.jpg 300w, https:\/\/fiat600light.com.ar\/wp-content\/uploads\/2024\/10\/DSC4534-1024x682.jpg 1024w, https:\/\/fiat600light.com.ar\/wp-content\/uploads\/2024\/10\/DSC4534-768x512.jpg 768w\" data-sizes=\"auto, (max-width: 1200px) 100vw, 1200px\" src=\"data:image\/svg+xml;base64,PHN2ZyB3aWR0aD0iMSIgaGVpZ2h0PSIxIiB4bWxucz0iaHR0cDovL3d3dy53My5vcmcvMjAwMC9zdmciPjwvc3ZnPg==\" \/><br>\u201cLa fecha pasada renegamos much\u00edsimo el s\u00e1bado con los frenos y para 1er final apostamos con el equipo a un cambio de suspensi\u00f3n y eso le sent\u00f3 muy bien al auto y a m\u00ed. Largamos 19\u00ba y faltando una vuelta estando 9\u00ba tuve un problema en la bomba de combustible y eso nos hizo abandonar. En la 2\u00aa final hice muy buena largada y muy linda final. Terminando 13\u00ba cerrando un finde en el que fuimos de menor a mayor y volvimos con el auto con un balance positivo en lo que es la puesta a punto\u201d declar\u00f3.<\/h1>\n","protected":false},"excerpt":{"rendered":"<p>Mauro Vaccaro se muestra expectante de cara a la pr\u00f3xima fecha y con el objetivo de poder meterse dentro del top ten.@mauromvr\u201cLa fecha pasada renegamos much\u00edsimo el s\u00e1bado con los [&hellip;]<\/p>\n","protected":false},"author":2,"featured_media":11146,"comment_status":"open","ping_status":"open","sticky":false,"template":"","format":"standard","meta":{"ngg_post_thumbnail":0,"footnotes":""},"categories":[14],"tags":[],"class_list":["post-11151","post","type-post","status-publish","format-standard","has-post-thumbnail","hentry","category-noticias"],"blocksy_meta":[],"_links":{"self":[{"href":"https:\/\/fiat600light.com.ar\/index.php\/wp-json\/wp\/v2\/posts\/11151","targetHints":{"allow":["GET"]}}],"collection":[{"href":"https:\/\/fiat600light.com.ar\/index.php\/wp-json\/wp\/v2\/posts"}],"about":[{"href":"https:\/\/fiat600light.com.ar\/index.php\/wp-json\/wp\/v2\/types\/post"}],"author":[{"embeddable":true,"href":"https:\/\/fiat600light.com.ar\/index.php\/wp-json\/wp\/v2\/users\/2"}],"replies":[{"embeddable":true,"href":"https:\/\/fiat600light.com.ar\/index.php\/wp-json\/wp\/v2\/comments?post=11151"}],"version-history":[{"count":1,"href":"https:\/\/fiat600light.com.ar\/index.php\/wp-json\/wp\/v2\/posts\/11151\/revisions"}],"predecessor-version":[{"id":11152,"href":"https:\/\/fiat600light.com.ar\/index.php\/wp-json\/wp\/v2\/posts\/11151\/revisions\/11152"}],"wp:featuredmedia":[{"embeddable":true,"href":"https:\/\/fiat600light.com.ar\/index.php\/wp-json\/wp\/v2\/media\/11146"}],"wp:attachment":[{"href":"https:\/\/fiat600light.com.ar\/index.php\/wp-json\/wp\/v2\/media?parent=11151"}],"wp:term":[{"taxonomy":"category","embeddable":true,"href":"https:\/\/fiat600light.com.ar\/index.php\/wp-json\/wp\/v2\/categories?post=11151"},{"taxonomy":"post_tag","embeddable":true,"href":"https:\/\/fiat600light.com.ar\/index.php\/wp-json\/wp\/v2\/tags?post=11151"}],"curies":[{"name":"wp","href":"https:\/\/api.w.org\/{rel}","templated":true}]}}