{"id":11153,"date":"2024-10-04T23:14:37","date_gmt":"2024-10-04T23:14:37","guid":{"rendered":"https:\/\/fiat600light.com.ar\/?p=11153"},"modified":"2024-10-04T23:14:37","modified_gmt":"2024-10-04T23:14:37","slug":"balance-positivo-9","status":"publish","type":"post","link":"https:\/\/fiat600light.com.ar\/index.php\/2024\/10\/04\/balance-positivo-9\/","title":{"rendered":"BALANCE POSITIVO"},"content":{"rendered":"\n<h1 class=\"wp-block-heading has-medium-font-size\">Sebasti\u00e1n Della Corte y Mat\u00edas G\u00fcernos vienen teniendo una temporada de menor a mayor con el auto del Tala Motores y apuntan a meterse en el top ten en las fechas que restan.<br>Seba Della Corte: \u201cEstoy muy c\u00f3modo en la categor\u00eda, estamos en un equipo con un grupo humano muy bueno y el auto va muy bien. Estamos funcionando bien y si bien nos falta mucho camino por recorrer porque los dos somos debutantes venimos muy bien. Seguimos aprendiendo fecha a fecha, mejorando y queremos estar entre los 10.<br>Agradecido a toda la categor\u00eda y al Tala que nos entrega un gran auto, carrera tras carrera\u201d.<img decoding=\"async\" width=\"1200\" height=\"800\" class=\"wp-image-11154 lazyload\" style=\"--smush-placeholder-width: 1200px; --smush-placeholder-aspect-ratio: 1200\/800;width: 1200px;\" data-src=\"https:\/\/fiat600light.com.ar\/wp-content\/uploads\/2024\/10\/DSC2346.jpg\" alt=\"\" data-srcset=\"https:\/\/fiat600light.com.ar\/wp-content\/uploads\/2024\/10\/DSC2346.jpg 1280w, https:\/\/fiat600light.com.ar\/wp-content\/uploads\/2024\/10\/DSC2346-300x200.jpg 300w, https:\/\/fiat600light.com.ar\/wp-content\/uploads\/2024\/10\/DSC2346-1024x682.jpg 1024w, https:\/\/fiat600light.com.ar\/wp-content\/uploads\/2024\/10\/DSC2346-768x512.jpg 768w\" data-sizes=\"auto, (max-width: 1200px) 100vw, 1200px\" src=\"data:image\/svg+xml;base64,PHN2ZyB3aWR0aD0iMSIgaGVpZ2h0PSIxIiB4bWxucz0iaHR0cDovL3d3dy53My5vcmcvMjAwMC9zdmciPjwvc3ZnPg==\" \/><br>Por su parte Mati declar\u00f3: \u201cMe siento c\u00f3modo ya que hay un excelente ambiente y un clima de competencia sano. La categor\u00eda es una de las m\u00e1s convocantes en cuanto a pilotos y hay una excelente paridad entre los veh\u00edculos y el nivel de los pilotos, lo cual hace que muchas veces se generan los espect\u00e1culos que se dan en las distintas finales. Al venir del karting, es un salto muy grande en cuanto a mi carrera deportiva debido que son autos muy distintos, pero me vengo adaptando cada vez mejor y buscaremos seguir mejorando en cada salida a pista, ya que llevo muy pocas carreras.<br>Agradezco a todo el Tala Motores y su grupo humano porque todas las fechas ponen en pista un auto excelente y con un gran ritmo\u201d.<\/h1>\n","protected":false},"excerpt":{"rendered":"<p>Sebasti\u00e1n Della Corte y Mat\u00edas G\u00fcernos vienen teniendo una temporada de menor a mayor con el auto del Tala Motores y apuntan a meterse en el top ten en las [&hellip;]<\/p>\n","protected":false},"author":2,"featured_media":11155,"comment_status":"open","ping_status":"open","sticky":false,"template":"","format":"standard","meta":{"ngg_post_thumbnail":0,"footnotes":""},"categories":[14],"tags":[],"class_list":["post-11153","post","type-post","status-publish","format-standard","has-post-thumbnail","hentry","category-noticias"],"blocksy_meta":[],"_links":{"self":[{"href":"https:\/\/fiat600light.com.ar\/index.php\/wp-json\/wp\/v2\/posts\/11153","targetHints":{"allow":["GET"]}}],"collection":[{"href":"https:\/\/fiat600light.com.ar\/index.php\/wp-json\/wp\/v2\/posts"}],"about":[{"href":"https:\/\/fiat600light.com.ar\/index.php\/wp-json\/wp\/v2\/types\/post"}],"author":[{"embeddable":true,"href":"https:\/\/fiat600light.com.ar\/index.php\/wp-json\/wp\/v2\/users\/2"}],"replies":[{"embeddable":true,"href":"https:\/\/fiat600light.com.ar\/index.php\/wp-json\/wp\/v2\/comments?post=11153"}],"version-history":[{"count":1,"href":"https:\/\/fiat600light.com.ar\/index.php\/wp-json\/wp\/v2\/posts\/11153\/revisions"}],"predecessor-version":[{"id":11156,"href":"https:\/\/fiat600light.com.ar\/index.php\/wp-json\/wp\/v2\/posts\/11153\/revisions\/11156"}],"wp:featuredmedia":[{"embeddable":true,"href":"https:\/\/fiat600light.com.ar\/index.php\/wp-json\/wp\/v2\/media\/11155"}],"wp:attachment":[{"href":"https:\/\/fiat600light.com.ar\/index.php\/wp-json\/wp\/v2\/media?parent=11153"}],"wp:term":[{"taxonomy":"category","embeddable":true,"href":"https:\/\/fiat600light.com.ar\/index.php\/wp-json\/wp\/v2\/categories?post=11153"},{"taxonomy":"post_tag","embeddable":true,"href":"https:\/\/fiat600light.com.ar\/index.php\/wp-json\/wp\/v2\/tags?post=11153"}],"curies":[{"name":"wp","href":"https:\/\/api.w.org\/{rel}","templated":true}]}}