{"id":11354,"date":"2024-10-09T11:05:26","date_gmt":"2024-10-09T11:05:26","guid":{"rendered":"https:\/\/fiat600light.com.ar\/?p=11354"},"modified":"2024-10-09T11:05:26","modified_gmt":"2024-10-09T11:05:26","slug":"dobletazo-de-juan-cruz-bueno-en-el-mouras","status":"publish","type":"post","link":"https:\/\/fiat600light.com.ar\/index.php\/2024\/10\/09\/dobletazo-de-juan-cruz-bueno-en-el-mouras\/","title":{"rendered":"DOBLETAZO DE JUAN CRUZ BUENO EN EL MOURAS !"},"content":{"rendered":"\n<p class=\"has-palette-color-1-color has-text-color has-link-color has-medium-font-size wp-elements-514fdde342a66f10c4c3816ec58ee422\"><strong>CONTUNDENTE TRIUNFO<\/strong><\/p>\n\n\n\n<h1 class=\"wp-block-heading has-medium-font-size\"><strong>Juan Cruz Bueno logr\u00f3 una importante victoria en la primera final de los Fiat 600 Light 1.3i. Mauro Risoli que se aleja en la cima del torneo y Mat\u00edas Calvi\u00f1o completaron el podio.<\/strong><img decoding=\"async\" width=\"1200\" height=\"800\" class=\"wp-image-11355 lazyload\" style=\"--smush-placeholder-width: 1200px; --smush-placeholder-aspect-ratio: 1200\/800;width: 1200px;\" data-src=\"https:\/\/fiat600light.com.ar\/wp-content\/uploads\/2024\/10\/DSC3832.jpg\" alt=\"\" data-srcset=\"https:\/\/fiat600light.com.ar\/wp-content\/uploads\/2024\/10\/DSC3832.jpg 1280w, https:\/\/fiat600light.com.ar\/wp-content\/uploads\/2024\/10\/DSC3832-300x200.jpg 300w, https:\/\/fiat600light.com.ar\/wp-content\/uploads\/2024\/10\/DSC3832-1024x682.jpg 1024w, https:\/\/fiat600light.com.ar\/wp-content\/uploads\/2024\/10\/DSC3832-768x512.jpg 768w\" data-sizes=\"auto, (max-width: 1200px) 100vw, 1200px\" src=\"data:image\/svg+xml;base64,PHN2ZyB3aWR0aD0iMSIgaGVpZ2h0PSIxIiB4bWxucz0iaHR0cDovL3d3dy53My5vcmcvMjAwMC9zdmciPjwvc3ZnPg==\" \/><strong><br>La primera final result\u00f3 atrapante y con un gran l\u00edder como fue Juan Cruz Bueno. El platense comenz\u00f3 dominando las acciones, aunque tras la neutralizaci\u00f3n fue Balladares quien pas\u00f3 a comandar las acciones en el 4\u00ba giro y una vuelta m\u00e1s tarde Mauro Risoli pasaba a la delantera. En el 6\u00ba paso frente a la torre de control volvi\u00f3 Bueno a la punta, para aferrarse a ella y no largarla hasta el banderazo a cuadros, obteniendo su segundo \u00e9xito del a\u00f1o. Risoli lleg\u00f3 segundo y sum\u00f3 importantes puntos en el campeonato, dejando tercero a Mat\u00edas Calvi\u00f1o de gran avance en cada vuelta. N\u00e9stor Tortonesi tambi\u00e9n estuvo en la pelea y qued\u00f3 4\u00ba, Gast\u00f3n Aboy finalmente 5\u00ba, Enzo Nieto, Ezequiel Sevillano, Eze Monteiro, Jos\u00e9 Morelli y Mat\u00edas Pati\u00f1o completaron el top ten final.<\/strong><\/h1>\n\n\n\n<p class=\"has-palette-color-1-color has-text-color has-link-color has-medium-font-size wp-elements-d172e7e08a1bc5918ce2c1c8fc7e4928\"><br><strong>DOBLETE<\/strong><\/p>\n\n\n\n<h1 class=\"wp-block-heading has-medium-font-size\"><strong>Juan Cruz Bueno cerr\u00f3 un fin de semana so\u00f1ado, con otra contundente victoria en la segunda final.<br>El platense extendi\u00f3 su paso triunfal por la 8\u00aa fecha, tras dominar tambi\u00e9n con autoridad la segunda competencia, la cual lider\u00f3 desde el mismo momento en que el sem\u00e1foro cambi\u00f3 de color. As\u00ed, el piloto del Ranca Competici\u00f3n volvi\u00f3 a sumar fuerte en la pelea por el campeonato.<br>Mauro Risoli redonde\u00f3 un buen fin de semana y alcanz\u00f3 otro buen segundo lugar para seguir al tope del campeonato y Mat\u00edas Pati\u00f1o finaliz\u00f3 3\u00ba, en un buen avance con el auto del Tala Motores. Tras la deserci\u00f3n en la primera final, Mat\u00edas Balladares realiz\u00f3 una soberbia remontada para escalar con gran ritmo hasta el 4\u00ba lugar y Gast\u00f3n Aboy en un buen regreso qued\u00f3 5\u00ba. Ezequiel Sevillano, Alan Gim\u00e9nez, Daniel Caziani, Bautista Calderone y Juan Mart\u00ednez completaron el top ten final.<br>En la Copa de Plata, Aboy se termin\u00f3 llevando el triunfo, por delante de Gim\u00e9nez y Calderone.<br>Bueno meti\u00f3 doblete y se ilusiona con ir por m\u00e1s en Dolores, escenario del ante\u00faltimo cap\u00edtulo puntuable.<\/strong><\/h1>\n","protected":false},"excerpt":{"rendered":"<p>CONTUNDENTE TRIUNFO Juan Cruz Bueno logr\u00f3 una importante victoria en la primera final de los Fiat 600 Light 1.3i. Mauro Risoli que se aleja en la cima del torneo y [&hellip;]<\/p>\n","protected":false},"author":2,"featured_media":11356,"comment_status":"open","ping_status":"open","sticky":false,"template":"","format":"standard","meta":{"ngg_post_thumbnail":0,"footnotes":""},"categories":[14],"tags":[],"class_list":["post-11354","post","type-post","status-publish","format-standard","has-post-thumbnail","hentry","category-noticias"],"blocksy_meta":[],"_links":{"self":[{"href":"https:\/\/fiat600light.com.ar\/index.php\/wp-json\/wp\/v2\/posts\/11354","targetHints":{"allow":["GET"]}}],"collection":[{"href":"https:\/\/fiat600light.com.ar\/index.php\/wp-json\/wp\/v2\/posts"}],"about":[{"href":"https:\/\/fiat600light.com.ar\/index.php\/wp-json\/wp\/v2\/types\/post"}],"author":[{"embeddable":true,"href":"https:\/\/fiat600light.com.ar\/index.php\/wp-json\/wp\/v2\/users\/2"}],"replies":[{"embeddable":true,"href":"https:\/\/fiat600light.com.ar\/index.php\/wp-json\/wp\/v2\/comments?post=11354"}],"version-history":[{"count":1,"href":"https:\/\/fiat600light.com.ar\/index.php\/wp-json\/wp\/v2\/posts\/11354\/revisions"}],"predecessor-version":[{"id":11357,"href":"https:\/\/fiat600light.com.ar\/index.php\/wp-json\/wp\/v2\/posts\/11354\/revisions\/11357"}],"wp:featuredmedia":[{"embeddable":true,"href":"https:\/\/fiat600light.com.ar\/index.php\/wp-json\/wp\/v2\/media\/11356"}],"wp:attachment":[{"href":"https:\/\/fiat600light.com.ar\/index.php\/wp-json\/wp\/v2\/media?parent=11354"}],"wp:term":[{"taxonomy":"category","embeddable":true,"href":"https:\/\/fiat600light.com.ar\/index.php\/wp-json\/wp\/v2\/categories?post=11354"},{"taxonomy":"post_tag","embeddable":true,"href":"https:\/\/fiat600light.com.ar\/index.php\/wp-json\/wp\/v2\/tags?post=11354"}],"curies":[{"name":"wp","href":"https:\/\/api.w.org\/{rel}","templated":true}]}}