{"id":11685,"date":"2024-12-05T22:09:14","date_gmt":"2024-12-05T22:09:14","guid":{"rendered":"https:\/\/fiat600light.com.ar\/?p=11685"},"modified":"2024-12-05T22:09:15","modified_gmt":"2024-12-05T22:09:15","slug":"a-cerrar-el-ano-de-la-mejor-manera","status":"publish","type":"post","link":"https:\/\/fiat600light.com.ar\/index.php\/2024\/12\/05\/a-cerrar-el-ano-de-la-mejor-manera\/","title":{"rendered":"A CERRAR EL A\u00d1O DE LA MEJOR MANERA"},"content":{"rendered":"\n<h1 class=\"wp-block-heading has-medium-font-size\">Ezequiel Sevillano viene teniendo una gran temporada en los Fiat 600 Light 1.3i y en Dolores una vez m\u00e1s se mostr\u00f3 como protagonista, por lo que espera con entusiasmo la \u00faltima reuni\u00f3n puntuable de la temporada.<br><a href=\"https:\/\/www.instagram.com\/ezechequi\/\">@ezechequi<\/a><img decoding=\"async\" width=\"1200\" height=\"800\" class=\"wp-image-11665 lazyload\" style=\"--smush-placeholder-width: 1200px; --smush-placeholder-aspect-ratio: 1200\/800;width: 1200px;\" data-src=\"https:\/\/fiat600light.com.ar\/wp-content\/uploads\/2024\/12\/DSC5230.jpg\" alt=\"\" data-srcset=\"https:\/\/fiat600light.com.ar\/wp-content\/uploads\/2024\/12\/DSC5230.jpg 1280w, https:\/\/fiat600light.com.ar\/wp-content\/uploads\/2024\/12\/DSC5230-300x200.jpg 300w, https:\/\/fiat600light.com.ar\/wp-content\/uploads\/2024\/12\/DSC5230-1024x682.jpg 1024w, https:\/\/fiat600light.com.ar\/wp-content\/uploads\/2024\/12\/DSC5230-768x512.jpg 768w\" data-sizes=\"auto, (max-width: 1200px) 100vw, 1200px\" src=\"data:image\/svg+xml;base64,PHN2ZyB3aWR0aD0iMSIgaGVpZ2h0PSIxIiB4bWxucz0iaHR0cDovL3d3dy53My5vcmcvMjAwMC9zdmciPjwvc3ZnPg==\" \/><br>\u201cDe la \u00faltima fecha vinimos muy conformes porque nos mostramos competitivos todo el fin de semana y pudimos traernos dos 5\u00ba puestos, peleando adelante.<br>Esperamos con muchas ganas la \u00faltima del a\u00f1o donde vamos a tratar de redondear una buena fecha y quedar con el n\u00famero m\u00e1s bajo posible en los laterales\u201d coment\u00f3 el de Ca\u00f1uelas.<\/h1>\n","protected":false},"excerpt":{"rendered":"<p>Ezequiel Sevillano viene teniendo una gran temporada en los Fiat 600 Light 1.3i y en Dolores una vez m\u00e1s se mostr\u00f3 como protagonista, por lo que espera con entusiasmo la [&hellip;]<\/p>\n","protected":false},"author":2,"featured_media":11663,"comment_status":"open","ping_status":"open","sticky":false,"template":"","format":"standard","meta":{"ngg_post_thumbnail":0,"footnotes":""},"categories":[14],"tags":[],"class_list":["post-11685","post","type-post","status-publish","format-standard","has-post-thumbnail","hentry","category-noticias"],"blocksy_meta":[],"_links":{"self":[{"href":"https:\/\/fiat600light.com.ar\/index.php\/wp-json\/wp\/v2\/posts\/11685","targetHints":{"allow":["GET"]}}],"collection":[{"href":"https:\/\/fiat600light.com.ar\/index.php\/wp-json\/wp\/v2\/posts"}],"about":[{"href":"https:\/\/fiat600light.com.ar\/index.php\/wp-json\/wp\/v2\/types\/post"}],"author":[{"embeddable":true,"href":"https:\/\/fiat600light.com.ar\/index.php\/wp-json\/wp\/v2\/users\/2"}],"replies":[{"embeddable":true,"href":"https:\/\/fiat600light.com.ar\/index.php\/wp-json\/wp\/v2\/comments?post=11685"}],"version-history":[{"count":1,"href":"https:\/\/fiat600light.com.ar\/index.php\/wp-json\/wp\/v2\/posts\/11685\/revisions"}],"predecessor-version":[{"id":11686,"href":"https:\/\/fiat600light.com.ar\/index.php\/wp-json\/wp\/v2\/posts\/11685\/revisions\/11686"}],"wp:featuredmedia":[{"embeddable":true,"href":"https:\/\/fiat600light.com.ar\/index.php\/wp-json\/wp\/v2\/media\/11663"}],"wp:attachment":[{"href":"https:\/\/fiat600light.com.ar\/index.php\/wp-json\/wp\/v2\/media?parent=11685"}],"wp:term":[{"taxonomy":"category","embeddable":true,"href":"https:\/\/fiat600light.com.ar\/index.php\/wp-json\/wp\/v2\/categories?post=11685"},{"taxonomy":"post_tag","embeddable":true,"href":"https:\/\/fiat600light.com.ar\/index.php\/wp-json\/wp\/v2\/tags?post=11685"}],"curies":[{"name":"wp","href":"https:\/\/api.w.org\/{rel}","templated":true}]}}