{"id":12106,"date":"2025-03-18T18:07:05","date_gmt":"2025-03-18T18:07:05","guid":{"rendered":"https:\/\/fiat600light.com.ar\/?p=12106"},"modified":"2025-03-18T18:07:06","modified_gmt":"2025-03-18T18:07:06","slug":"2025-arranco-con-un-dobletazo-de-guillermo-rodriguez","status":"publish","type":"post","link":"https:\/\/fiat600light.com.ar\/index.php\/2025\/03\/18\/2025-arranco-con-un-dobletazo-de-guillermo-rodriguez\/","title":{"rendered":"2025 ARRANCO CON UN DOBLETAZO DE GUILLERMO RODRIGUEZ"},"content":{"rendered":"\n<p class=\"has-medium-font-size\"><strong>En el Mouras de La Plata se dio via libre a la temporada 2025, con la primera fecha que se disput\u00f3 sobre el trazado corto del circuito platense.<br>Esto es lo que sucedi\u00f3&#8230;<\/strong><\/p>\n\n\n\n<p class=\"has-palette-color-1-color has-text-color has-link-color has-medium-font-size wp-elements-ba41e604b3cf3c9543bb0a1a59d0b7a5\"><strong>FINAL 1<\/strong><\/p>\n\n\n\n<h1 class=\"wp-block-heading has-small-font-size\">En una carrera muy pareja y que tuvo todos los condimentos Guillermo Rodr\u00edguez se qued\u00f3 con el triunfo. Juan Cruz Bueno lleg\u00f3 en el segundo lugar y Mat\u00edas Balladares completo el podio.<img decoding=\"async\" width=\"1200\" height=\"800\" class=\"wp-image-12108 lazyload\" style=\"--smush-placeholder-width: 1200px; --smush-placeholder-aspect-ratio: 1200\/800;width: 1200px;\" data-src=\"https:\/\/fiat600light.com.ar\/wp-content\/uploads\/2025\/03\/DSC_0389.jpg\" alt=\"\" data-srcset=\"https:\/\/fiat600light.com.ar\/wp-content\/uploads\/2025\/03\/DSC_0389.jpg 1280w, https:\/\/fiat600light.com.ar\/wp-content\/uploads\/2025\/03\/DSC_0389-300x200.jpg 300w, https:\/\/fiat600light.com.ar\/wp-content\/uploads\/2025\/03\/DSC_0389-1024x682.jpg 1024w, https:\/\/fiat600light.com.ar\/wp-content\/uploads\/2025\/03\/DSC_0389-768x512.jpg 768w\" data-sizes=\"auto, (max-width: 1200px) 100vw, 1200px\" src=\"data:image\/svg+xml;base64,PHN2ZyB3aWR0aD0iMSIgaGVpZ2h0PSIxIiB4bWxucz0iaHR0cDovL3d3dy53My5vcmcvMjAwMC9zdmciPjwvc3ZnPg==\" \/><br><br>La primera competencia final resulto muy entretenida, con una intensa lucha en la punta de la carrera. En el arranque de la final, se produce el primer golpe de escena ya que el campe\u00f3n Mauro Risoli sufre un desperfecto que lo obliga a tirar el auto a un costado cuando se largo la carrera. En las primeras vueltas quien comandaba el pelot\u00f3n era el poleman Emiliano Gonz\u00e1lez hasta la quinta vuelta que, en una gran maniobra, Guillermo Rodr\u00edguez toma el liderazgo de la final y resiste a los embates de Gonz\u00e1lez que buscaba recuperarse y tambi\u00e9n de Balladares y Bueno que estaban a la expectativa.<br><br>En la ultima vuelta de la final se produce otro golpe de escena, Gonz\u00e1lez que venia intentando superar a Rodr\u00edguez, pero a la vez aguantando a Bueno, a Balladares y a Gorosito que se hab\u00eda prendido al pelot\u00f3n sufre un despiste en el sector de la uni\u00f3n de los dos circuitos relegando muchos puestos y permitiendo que Bueno y Balladares accedan al podio. Guillermo Rodr\u00edguez no tuvo inconvenientes y se quedo con la victoria que fue muy trabajada. El segundo puesto fue para Juan Cruz Bueno y tercero lleg\u00f3 Mat\u00edas Balladares.<br><br>El clasificador lo completaron, Mat\u00edas Gorosito, Daniel Caziani, Enzo Nieto, Ezequiel Monteiro, Ezequiel Sevillano, Rodrigo Torres, Facundo Di Tano, N\u00e9stor Tortonesi, Sergio Tortonesi, Lopez-Gonzalez, Diego Ibarra, Mauro Vaccaro, Mat\u00edas Guernos, \u00c1ngel Cardenal, Silva-Haramburu, Carlos Tocci, Constanzo-Gonz\u00e1lez, Della-Ayala, Gustavo Valiente, Tronfi y Christian G\u00f3mez.<\/h1>\n\n\n\n<p class=\"has-palette-color-1-color has-text-color has-link-color has-medium-font-size wp-elements-9c97376ca749c5c18ff4797d9412794d\"><strong>FINAL 2<\/strong><\/p>\n\n\n\n<h1 class=\"wp-block-heading has-small-font-size\">En la tarde del domingo, la categor\u00eda disput\u00f3 su segunda final en el marco de la primera fecha del campeonato 2025 en el Aut\u00f3dromo Roberto Mouras de La Plata. Donde en una carrera electrizante Guillermo Rodr\u00edguez logr\u00f3 nuevamente el triunfo siendo amplio dominador en las dos finales.<img decoding=\"async\" width=\"1200\" height=\"800\" class=\"wp-image-12107 lazyload\" style=\"--smush-placeholder-width: 1200px; --smush-placeholder-aspect-ratio: 1200\/800;width: 1200px;\" data-src=\"https:\/\/fiat600light.com.ar\/wp-content\/uploads\/2025\/03\/7M4A1278.jpg\" alt=\"\" data-srcset=\"https:\/\/fiat600light.com.ar\/wp-content\/uploads\/2025\/03\/7M4A1278.jpg 1280w, https:\/\/fiat600light.com.ar\/wp-content\/uploads\/2025\/03\/7M4A1278-300x200.jpg 300w, https:\/\/fiat600light.com.ar\/wp-content\/uploads\/2025\/03\/7M4A1278-1024x682.jpg 1024w, https:\/\/fiat600light.com.ar\/wp-content\/uploads\/2025\/03\/7M4A1278-768x512.jpg 768w\" data-sizes=\"auto, (max-width: 1200px) 100vw, 1200px\" src=\"data:image\/svg+xml;base64,PHN2ZyB3aWR0aD0iMSIgaGVpZ2h0PSIxIiB4bWxucz0iaHR0cDovL3d3dy53My5vcmcvMjAwMC9zdmciPjwvc3ZnPg==\" \/><br><br>No fue f\u00e1cil la victoria para Rodr\u00edguez ya que, a pesar de hacer una gran largada para superar r\u00e1pidamente a Juan Cruz Bueno, no pudo escaparse de sus rivales, aunque lidero con tranquilidad hasta la vuelta 5 donde ingresa el auto de seguridad. Luego de la salida del pace car Rodr\u00edguez comando las acciones hasta la vuelta 8 donde en una gran maniobra Bueno lo supera para pasar a liderar la final, pero 2 vueltas despu\u00e9s Rodr\u00edguez le devuelve la gentileza y nuevamente pasa a agarrar la punta para ya no soltarla y adjudicarse con su segundo triunfo en el a\u00f1o.<br><br>Juan Cruz Bueno finalmente termino en el segundo lugar, cerrando un gran fin de semana con doble podio y demostrando un gran funcionamiento de la unidad y Mat\u00edas Gorosito que completo el podio en el tercer lugar, se mantuvo expectante y en la ultima vuelta supera a Balladares para cerrar el domingo con un podio. Completaron el clasificador, Mat\u00edas Balladares, Daniel Caziani, Ezequiel Monteiro, L\u00f3pez-Gonz\u00e1lez, Ezequiel Sevillano, Facundo Di Tano, Rodrigo Torres, Enzo Nieto, Sergio Tortonesi, N\u00e9stor Tortonesi, Mauro Vaccaro, Alan Gim\u00e9nez, Constanzo-Gonz\u00e1lez, Tronfi, Silva-Haramburu, Jonathan Galeano, Diego Ibarra, Della-Ayala, Gustavo Valiente, Christian G\u00f3mez, Carlos Tocci y \u00c1ngel Gardenal.<\/h1>\n","protected":false},"excerpt":{"rendered":"<p>En el Mouras de La Plata se dio via libre a la temporada 2025, con la primera fecha que se disput\u00f3 sobre el trazado corto del circuito platense.Esto es lo [&hellip;]<\/p>\n","protected":false},"author":2,"featured_media":12108,"comment_status":"open","ping_status":"open","sticky":false,"template":"","format":"standard","meta":{"ngg_post_thumbnail":0,"footnotes":""},"categories":[14],"tags":[],"class_list":["post-12106","post","type-post","status-publish","format-standard","has-post-thumbnail","hentry","category-noticias"],"blocksy_meta":[],"_links":{"self":[{"href":"https:\/\/fiat600light.com.ar\/index.php\/wp-json\/wp\/v2\/posts\/12106","targetHints":{"allow":["GET"]}}],"collection":[{"href":"https:\/\/fiat600light.com.ar\/index.php\/wp-json\/wp\/v2\/posts"}],"about":[{"href":"https:\/\/fiat600light.com.ar\/index.php\/wp-json\/wp\/v2\/types\/post"}],"author":[{"embeddable":true,"href":"https:\/\/fiat600light.com.ar\/index.php\/wp-json\/wp\/v2\/users\/2"}],"replies":[{"embeddable":true,"href":"https:\/\/fiat600light.com.ar\/index.php\/wp-json\/wp\/v2\/comments?post=12106"}],"version-history":[{"count":1,"href":"https:\/\/fiat600light.com.ar\/index.php\/wp-json\/wp\/v2\/posts\/12106\/revisions"}],"predecessor-version":[{"id":12109,"href":"https:\/\/fiat600light.com.ar\/index.php\/wp-json\/wp\/v2\/posts\/12106\/revisions\/12109"}],"wp:featuredmedia":[{"embeddable":true,"href":"https:\/\/fiat600light.com.ar\/index.php\/wp-json\/wp\/v2\/media\/12108"}],"wp:attachment":[{"href":"https:\/\/fiat600light.com.ar\/index.php\/wp-json\/wp\/v2\/media?parent=12106"}],"wp:term":[{"taxonomy":"category","embeddable":true,"href":"https:\/\/fiat600light.com.ar\/index.php\/wp-json\/wp\/v2\/categories?post=12106"},{"taxonomy":"post_tag","embeddable":true,"href":"https:\/\/fiat600light.com.ar\/index.php\/wp-json\/wp\/v2\/tags?post=12106"}],"curies":[{"name":"wp","href":"https:\/\/api.w.org\/{rel}","templated":true}]}}