{"id":12845,"date":"2025-07-08T23:05:04","date_gmt":"2025-07-08T23:05:04","guid":{"rendered":"https:\/\/fiat600light.com.ar\/?p=12845"},"modified":"2025-07-08T23:05:05","modified_gmt":"2025-07-08T23:05:05","slug":"caziani-con-calvino-de-invitado","status":"publish","type":"post","link":"https:\/\/fiat600light.com.ar\/index.php\/2025\/07\/08\/caziani-con-calvino-de-invitado\/","title":{"rendered":"CAZIANI CON CALVI\u00d1O DE INVITADO"},"content":{"rendered":"\n<p>\u00abNo fue lo que esper\u00e1bamos la fecha pasada\u00bb, admiti\u00f3 Daniel Cazziani en referencia a la cuarta cita de la temporada, disputada en el G\u00e1lvez.<br>\u00abFuimos con los elementos de suspensi\u00f3n con los que anduvimos muy bien el a\u00f1o pasado, pero no pudimos aprovecharlo por un problema en los frenos que nos complic\u00f3 todo el fin de semana\u00bb, explic\u00f3 quien termin\u00f3 10\u00b0 en ambas finales.<img decoding=\"async\" width=\"1200\" height=\"800\" class=\"wp-image-12846 lazyload\" style=\"--smush-placeholder-width: 1200px; --smush-placeholder-aspect-ratio: 1200\/800;width: 1200px;\" data-src=\"https:\/\/fiat600light.com.ar\/wp-content\/uploads\/2025\/07\/DSC_3288.jpg\" alt=\"\" data-srcset=\"https:\/\/fiat600light.com.ar\/wp-content\/uploads\/2025\/07\/DSC_3288.jpg 1280w, https:\/\/fiat600light.com.ar\/wp-content\/uploads\/2025\/07\/DSC_3288-300x200.jpg 300w, https:\/\/fiat600light.com.ar\/wp-content\/uploads\/2025\/07\/DSC_3288-1024x682.jpg 1024w, https:\/\/fiat600light.com.ar\/wp-content\/uploads\/2025\/07\/DSC_3288-768x512.jpg 768w\" data-sizes=\"auto, (max-width: 1200px) 100vw, 1200px\" src=\"data:image\/svg+xml;base64,PHN2ZyB3aWR0aD0iMSIgaGVpZ2h0PSIxIiB4bWxucz0iaHR0cDovL3d3dy53My5vcmcvMjAwMC9zdmciPjwvc3ZnPg==\" \/><\/p>\n\n\n\n<p>De todos modos, destac\u00f3: \u00abLo bueno es que fueron carreras hermosas con chapa de la linda, (alguna no tanto) y llegamos en ambas finales\u00bb.<\/p>\n\n\n\n<p>Para la pr\u00f3xima presentaci\u00f3n, Cazziani tendr\u00e1 a Mat\u00edas Calvi\u00f1o como invitado. \u00abEl primer objetivo es que el grandote entre en el auto\u00bb, brome\u00f3 y agreg\u00f3: \u00abDespu\u00e9s, tratar de llegar lo m\u00e1s adelante posible\u00bb.<\/p>\n","protected":false},"excerpt":{"rendered":"<p>\u00abNo fue lo que esper\u00e1bamos la fecha pasada\u00bb, admiti\u00f3 Daniel Cazziani en referencia a la cuarta cita de la temporada, disputada en el G\u00e1lvez.\u00abFuimos con los elementos de suspensi\u00f3n con [&hellip;]<\/p>\n","protected":false},"author":2,"featured_media":12847,"comment_status":"open","ping_status":"open","sticky":false,"template":"","format":"standard","meta":{"ngg_post_thumbnail":0,"footnotes":""},"categories":[14],"tags":[],"class_list":["post-12845","post","type-post","status-publish","format-standard","has-post-thumbnail","hentry","category-noticias"],"blocksy_meta":[],"_links":{"self":[{"href":"https:\/\/fiat600light.com.ar\/index.php\/wp-json\/wp\/v2\/posts\/12845","targetHints":{"allow":["GET"]}}],"collection":[{"href":"https:\/\/fiat600light.com.ar\/index.php\/wp-json\/wp\/v2\/posts"}],"about":[{"href":"https:\/\/fiat600light.com.ar\/index.php\/wp-json\/wp\/v2\/types\/post"}],"author":[{"embeddable":true,"href":"https:\/\/fiat600light.com.ar\/index.php\/wp-json\/wp\/v2\/users\/2"}],"replies":[{"embeddable":true,"href":"https:\/\/fiat600light.com.ar\/index.php\/wp-json\/wp\/v2\/comments?post=12845"}],"version-history":[{"count":1,"href":"https:\/\/fiat600light.com.ar\/index.php\/wp-json\/wp\/v2\/posts\/12845\/revisions"}],"predecessor-version":[{"id":12848,"href":"https:\/\/fiat600light.com.ar\/index.php\/wp-json\/wp\/v2\/posts\/12845\/revisions\/12848"}],"wp:featuredmedia":[{"embeddable":true,"href":"https:\/\/fiat600light.com.ar\/index.php\/wp-json\/wp\/v2\/media\/12847"}],"wp:attachment":[{"href":"https:\/\/fiat600light.com.ar\/index.php\/wp-json\/wp\/v2\/media?parent=12845"}],"wp:term":[{"taxonomy":"category","embeddable":true,"href":"https:\/\/fiat600light.com.ar\/index.php\/wp-json\/wp\/v2\/categories?post=12845"},{"taxonomy":"post_tag","embeddable":true,"href":"https:\/\/fiat600light.com.ar\/index.php\/wp-json\/wp\/v2\/tags?post=12845"}],"curies":[{"name":"wp","href":"https:\/\/api.w.org\/{rel}","templated":true}]}}