{"id":12849,"date":"2025-07-08T23:08:41","date_gmt":"2025-07-08T23:08:41","guid":{"rendered":"https:\/\/fiat600light.com.ar\/?p=12849"},"modified":"2025-07-08T23:08:42","modified_gmt":"2025-07-08T23:08:42","slug":"vuelve-agustin-aboy","status":"publish","type":"post","link":"https:\/\/fiat600light.com.ar\/index.php\/2025\/07\/08\/vuelve-agustin-aboy\/","title":{"rendered":"VUELVE AGUSTIN ABOY"},"content":{"rendered":"\n<p>Luego de haber debutado en la segunda fecha de la temporada, Agust\u00edn Aboy volver\u00e1 a pista para competir el 12 y 13 de julio en el Mouras de La Plata, con Facundo Wernisch como invitado.<br><a href=\"https:\/\/www.instagram.com\/agustin.aboy.7\/\">@agustin.aboy.7<\/a><br>\u00abEsperemos que el auto est\u00e9 bien, le hicimos unas mejoras en el chasis y en el motor, as\u00ed que hay que esperar y ver c\u00f3mo anda en el Mouras\u00bb, adelant\u00f3 el piloto de Wilde, quien record\u00f3 su \u00fanica participaci\u00f3n en la categor\u00eda:<img decoding=\"async\" width=\"1200\" height=\"800\" class=\"wp-image-12851 lazyload\" style=\"--smush-placeholder-width: 1200px; --smush-placeholder-aspect-ratio: 1200\/800;width: 1200px;\" data-src=\"https:\/\/fiat600light.com.ar\/wp-content\/uploads\/2025\/07\/DSC_1940.jpg\" alt=\"\" data-srcset=\"https:\/\/fiat600light.com.ar\/wp-content\/uploads\/2025\/07\/DSC_1940.jpg 1280w, https:\/\/fiat600light.com.ar\/wp-content\/uploads\/2025\/07\/DSC_1940-300x200.jpg 300w, https:\/\/fiat600light.com.ar\/wp-content\/uploads\/2025\/07\/DSC_1940-1024x682.jpg 1024w, https:\/\/fiat600light.com.ar\/wp-content\/uploads\/2025\/07\/DSC_1940-768x512.jpg 768w\" data-sizes=\"auto, (max-width: 1200px) 100vw, 1200px\" src=\"data:image\/svg+xml;base64,PHN2ZyB3aWR0aD0iMSIgaGVpZ2h0PSIxIiB4bWxucz0iaHR0cDovL3d3dy53My5vcmcvMjAwMC9zdmciPjwvc3ZnPg==\" \/><\/p>\n\n\n\n<p>\u00abDebut\u00e9 hace dos fechas y la verdad que no me fue bien porque me qued\u00e9 sin frenos en la vuelta previa. Esta vez voy a tratar de hacer lo posible para girar lo m\u00e1ximo que se pueda\u00bb.<\/p>\n\n\n\n<p>Por otro lado, coment\u00f3 que su experiencia en la Fiat 600 Light signific\u00f3 tambi\u00e9n su primera experiencia en autos de carrera. \u00abNunca hab\u00eda corrido en nada, s\u00f3lo hac\u00eda simulador. Yo estaba viviendo en Espa\u00f1a, este a\u00f1o me vine y cuando mi viejo (Gast\u00f3n) me vino a visitar, me dijo que quer\u00eda dejarme la butaca a mi\u00bb, cont\u00f3.<\/p>\n\n\n\n<p>\u00abObviamente me va a costar un mont\u00f3n adaptarme, pero me encantar\u00eda poder correr y, si se puede, estar adelante que no lo veo potable por ahora, pero qui\u00e9n sabe en alg\u00fan momento\u00bb, concluy\u00f3 Agus.<\/p>\n\n\n\n<p>Siii, vamos a tenerlo a facu wernisch de invitado<\/p>\n","protected":false},"excerpt":{"rendered":"<p>Luego de haber debutado en la segunda fecha de la temporada, Agust\u00edn Aboy volver\u00e1 a pista para competir el 12 y 13 de julio en el Mouras de La Plata, [&hellip;]<\/p>\n","protected":false},"author":2,"featured_media":12850,"comment_status":"open","ping_status":"open","sticky":false,"template":"","format":"standard","meta":{"ngg_post_thumbnail":0,"footnotes":""},"categories":[14],"tags":[],"class_list":["post-12849","post","type-post","status-publish","format-standard","has-post-thumbnail","hentry","category-noticias"],"blocksy_meta":[],"_links":{"self":[{"href":"https:\/\/fiat600light.com.ar\/index.php\/wp-json\/wp\/v2\/posts\/12849","targetHints":{"allow":["GET"]}}],"collection":[{"href":"https:\/\/fiat600light.com.ar\/index.php\/wp-json\/wp\/v2\/posts"}],"about":[{"href":"https:\/\/fiat600light.com.ar\/index.php\/wp-json\/wp\/v2\/types\/post"}],"author":[{"embeddable":true,"href":"https:\/\/fiat600light.com.ar\/index.php\/wp-json\/wp\/v2\/users\/2"}],"replies":[{"embeddable":true,"href":"https:\/\/fiat600light.com.ar\/index.php\/wp-json\/wp\/v2\/comments?post=12849"}],"version-history":[{"count":1,"href":"https:\/\/fiat600light.com.ar\/index.php\/wp-json\/wp\/v2\/posts\/12849\/revisions"}],"predecessor-version":[{"id":12852,"href":"https:\/\/fiat600light.com.ar\/index.php\/wp-json\/wp\/v2\/posts\/12849\/revisions\/12852"}],"wp:featuredmedia":[{"embeddable":true,"href":"https:\/\/fiat600light.com.ar\/index.php\/wp-json\/wp\/v2\/media\/12850"}],"wp:attachment":[{"href":"https:\/\/fiat600light.com.ar\/index.php\/wp-json\/wp\/v2\/media?parent=12849"}],"wp:term":[{"taxonomy":"category","embeddable":true,"href":"https:\/\/fiat600light.com.ar\/index.php\/wp-json\/wp\/v2\/categories?post=12849"},{"taxonomy":"post_tag","embeddable":true,"href":"https:\/\/fiat600light.com.ar\/index.php\/wp-json\/wp\/v2\/tags?post=12849"}],"curies":[{"name":"wp","href":"https:\/\/api.w.org\/{rel}","templated":true}]}}