{"id":13108,"date":"2025-08-07T00:00:19","date_gmt":"2025-08-07T00:00:19","guid":{"rendered":"https:\/\/fiat600light.com.ar\/?p=13108"},"modified":"2025-08-07T00:00:19","modified_gmt":"2025-08-07T00:00:19","slug":"trataremos-de-sumar-en-el-galvez","status":"publish","type":"post","link":"https:\/\/fiat600light.com.ar\/index.php\/2025\/08\/07\/trataremos-de-sumar-en-el-galvez\/","title":{"rendered":"\u00abTRATAREMOS DE SUMAR EN EL GALVEZ\u00bb"},"content":{"rendered":"\n<p>Luego de la 5ta fecha de la temporada, Juan Cruz Bueno descendi\u00f3 al tercer puesto del campeonato, pero renueva las expectativas de cara a la pr\u00f3xima cita, que se llevar\u00e1 a cabo el 16 y 17 de agosto en el aut\u00f3dromo Oscar y Juan G\u00e1lvez de Buenos Aires.<img decoding=\"async\" width=\"1200\" height=\"800\" class=\"wp-image-13100 lazyload\" style=\"--smush-placeholder-width: 1200px; --smush-placeholder-aspect-ratio: 1200\/800;width: 1200px;\" data-src=\"https:\/\/fiat600light.com.ar\/wp-content\/uploads\/2025\/08\/batch_DSC_5193.jpg\" alt=\"\" data-srcset=\"https:\/\/fiat600light.com.ar\/wp-content\/uploads\/2025\/08\/batch_DSC_5193.jpg 1280w, https:\/\/fiat600light.com.ar\/wp-content\/uploads\/2025\/08\/batch_DSC_5193-300x200.jpg 300w, https:\/\/fiat600light.com.ar\/wp-content\/uploads\/2025\/08\/batch_DSC_5193-1024x682.jpg 1024w, https:\/\/fiat600light.com.ar\/wp-content\/uploads\/2025\/08\/batch_DSC_5193-768x512.jpg 768w\" data-sizes=\"auto, (max-width: 1200px) 100vw, 1200px\" src=\"data:image\/svg+xml;base64,PHN2ZyB3aWR0aD0iMSIgaGVpZ2h0PSIxIiB4bWxucz0iaHR0cDovL3d3dy53My5vcmcvMjAwMC9zdmciPjwvc3ZnPg==\" \/><\/p>\n\n\n\n<p>En referencia a la presentaci\u00f3n anterior, el piloto platense afirm\u00f3: \u201cNo fue una buena fecha para nosotros. Si bien en la primera final pude terminar 4\u00b0, en la segunda por un error m\u00edo, qued\u00e9 fuera de la pelea por el podio\u201d.<br><a href=\"https:\/\/www.instagram.com\/juan.bueno01\/\">@juan.bueno01<\/a><br>\u201cEstoy contento igual por el auto que tengo que es incre\u00edble\u201d, destac\u00f3 Juan Cruz y agreg\u00f3: \u201cS\u00f3lo puedo agradecer a Seba Ranca\u00f1o, Mauro Radiciotti, a mi pap\u00e1 y a toda la gente que me banca\u201d.<\/p>\n\n\n\n<p>\u201cLa pr\u00f3xima fecha volveremos a Buenos Aires donde el auto funciona muy bien, as\u00ed que trataremos de sumar lo m\u00e1s posible\u201d, asever\u00f3 Bueno con la firme intenci\u00f3n de sacar provecho en el Coliseo Porte\u00f1o.<\/p>\n","protected":false},"excerpt":{"rendered":"<p>Luego de la 5ta fecha de la temporada, Juan Cruz Bueno descendi\u00f3 al tercer puesto del campeonato, pero renueva las expectativas de cara a la pr\u00f3xima cita, que se llevar\u00e1 [&hellip;]<\/p>\n","protected":false},"author":2,"featured_media":13105,"comment_status":"open","ping_status":"open","sticky":false,"template":"","format":"standard","meta":{"ngg_post_thumbnail":0,"footnotes":""},"categories":[14],"tags":[],"class_list":["post-13108","post","type-post","status-publish","format-standard","has-post-thumbnail","hentry","category-noticias"],"blocksy_meta":[],"_links":{"self":[{"href":"https:\/\/fiat600light.com.ar\/index.php\/wp-json\/wp\/v2\/posts\/13108","targetHints":{"allow":["GET"]}}],"collection":[{"href":"https:\/\/fiat600light.com.ar\/index.php\/wp-json\/wp\/v2\/posts"}],"about":[{"href":"https:\/\/fiat600light.com.ar\/index.php\/wp-json\/wp\/v2\/types\/post"}],"author":[{"embeddable":true,"href":"https:\/\/fiat600light.com.ar\/index.php\/wp-json\/wp\/v2\/users\/2"}],"replies":[{"embeddable":true,"href":"https:\/\/fiat600light.com.ar\/index.php\/wp-json\/wp\/v2\/comments?post=13108"}],"version-history":[{"count":1,"href":"https:\/\/fiat600light.com.ar\/index.php\/wp-json\/wp\/v2\/posts\/13108\/revisions"}],"predecessor-version":[{"id":13109,"href":"https:\/\/fiat600light.com.ar\/index.php\/wp-json\/wp\/v2\/posts\/13108\/revisions\/13109"}],"wp:featuredmedia":[{"embeddable":true,"href":"https:\/\/fiat600light.com.ar\/index.php\/wp-json\/wp\/v2\/media\/13105"}],"wp:attachment":[{"href":"https:\/\/fiat600light.com.ar\/index.php\/wp-json\/wp\/v2\/media?parent=13108"}],"wp:term":[{"taxonomy":"category","embeddable":true,"href":"https:\/\/fiat600light.com.ar\/index.php\/wp-json\/wp\/v2\/categories?post=13108"},{"taxonomy":"post_tag","embeddable":true,"href":"https:\/\/fiat600light.com.ar\/index.php\/wp-json\/wp\/v2\/tags?post=13108"}],"curies":[{"name":"wp","href":"https:\/\/api.w.org\/{rel}","templated":true}]}}