{"id":13110,"date":"2025-08-07T00:02:56","date_gmt":"2025-08-07T00:02:56","guid":{"rendered":"https:\/\/fiat600light.com.ar\/?p=13110"},"modified":"2025-08-07T00:02:57","modified_gmt":"2025-08-07T00:02:57","slug":"gardenal-en-el-top-10","status":"publish","type":"post","link":"https:\/\/fiat600light.com.ar\/index.php\/2025\/08\/07\/gardenal-en-el-top-10\/","title":{"rendered":"GARDENAL EN EL TOP 10"},"content":{"rendered":"\n<p>\u00c1ngel Gardenal avanz\u00f3 al d\u00e9cimo lugar del campeonato luego de la quinta fecha de la temporada, que se llev\u00f3 a cabo en el aut\u00f3dromo Roberto Mouras de La Plata. All\u00ed, logr\u00f3 un 8\u00b0 lugar en la final de titulares para renovar las expectativas de cara al resto de la temporada.<br><a href=\"https:\/\/www.instagram.com\/angelgardenal\/\">@angelgardenal<\/a><img decoding=\"async\" width=\"1200\" height=\"800\" class=\"wp-image-13102 lazyload\" style=\"--smush-placeholder-width: 1200px; --smush-placeholder-aspect-ratio: 1200\/800;width: 1200px;\" data-src=\"https:\/\/fiat600light.com.ar\/wp-content\/uploads\/2025\/08\/batch_DSC_5568.jpg\" alt=\"\" data-srcset=\"https:\/\/fiat600light.com.ar\/wp-content\/uploads\/2025\/08\/batch_DSC_5568.jpg 1280w, https:\/\/fiat600light.com.ar\/wp-content\/uploads\/2025\/08\/batch_DSC_5568-300x200.jpg 300w, https:\/\/fiat600light.com.ar\/wp-content\/uploads\/2025\/08\/batch_DSC_5568-1024x682.jpg 1024w, https:\/\/fiat600light.com.ar\/wp-content\/uploads\/2025\/08\/batch_DSC_5568-768x512.jpg 768w\" data-sizes=\"auto, (max-width: 1200px) 100vw, 1200px\" src=\"data:image\/svg+xml;base64,PHN2ZyB3aWR0aD0iMSIgaGVpZ2h0PSIxIiB4bWxucz0iaHR0cDovL3d3dy53My5vcmcvMjAwMC9zdmciPjwvc3ZnPg==\" \/><br>\u201cLo positivo es que pudimos sumar y meternos dentro de los 10, a pesar del percance que hubo en carrera\u201d, destac\u00f3 el piloto del Tala Motores, quien supo salir airoso de los m\u00faltiples despistes causados por la rotura de una manguera de agua de Emiliano Gonz\u00e1lez.<\/p>\n\n\n\n<p>\u201cEn la segunda final, de invitados, no pudimos terminar\u201d, se lament\u00f3 el piloto de Quilmes y explic\u00f3: \u201cNos dej\u00f3 tirado el embrague\u201d.<\/p>\n\n\n\n<p>De todos modos, enfoca sus esfuerzos en la pr\u00f3xima cita del calendario, que se desarrollar\u00e1 el 16 y 17 de agosto en el Oscar y Juan G\u00e1lvez de Buenos Aires. \u201cEn la \u00faltima carrera en Buenos Aires pude marcar tiempos de punta, as\u00ed que voy con esperanzas de andar bien\u201d, afirm\u00f3.<\/p>\n","protected":false},"excerpt":{"rendered":"<p>\u00c1ngel Gardenal avanz\u00f3 al d\u00e9cimo lugar del campeonato luego de la quinta fecha de la temporada, que se llev\u00f3 a cabo en el aut\u00f3dromo Roberto Mouras de La Plata. All\u00ed, [&hellip;]<\/p>\n","protected":false},"author":2,"featured_media":13096,"comment_status":"open","ping_status":"open","sticky":false,"template":"","format":"standard","meta":{"ngg_post_thumbnail":0,"footnotes":""},"categories":[14],"tags":[],"class_list":["post-13110","post","type-post","status-publish","format-standard","has-post-thumbnail","hentry","category-noticias"],"blocksy_meta":[],"_links":{"self":[{"href":"https:\/\/fiat600light.com.ar\/index.php\/wp-json\/wp\/v2\/posts\/13110","targetHints":{"allow":["GET"]}}],"collection":[{"href":"https:\/\/fiat600light.com.ar\/index.php\/wp-json\/wp\/v2\/posts"}],"about":[{"href":"https:\/\/fiat600light.com.ar\/index.php\/wp-json\/wp\/v2\/types\/post"}],"author":[{"embeddable":true,"href":"https:\/\/fiat600light.com.ar\/index.php\/wp-json\/wp\/v2\/users\/2"}],"replies":[{"embeddable":true,"href":"https:\/\/fiat600light.com.ar\/index.php\/wp-json\/wp\/v2\/comments?post=13110"}],"version-history":[{"count":1,"href":"https:\/\/fiat600light.com.ar\/index.php\/wp-json\/wp\/v2\/posts\/13110\/revisions"}],"predecessor-version":[{"id":13111,"href":"https:\/\/fiat600light.com.ar\/index.php\/wp-json\/wp\/v2\/posts\/13110\/revisions\/13111"}],"wp:featuredmedia":[{"embeddable":true,"href":"https:\/\/fiat600light.com.ar\/index.php\/wp-json\/wp\/v2\/media\/13096"}],"wp:attachment":[{"href":"https:\/\/fiat600light.com.ar\/index.php\/wp-json\/wp\/v2\/media?parent=13110"}],"wp:term":[{"taxonomy":"category","embeddable":true,"href":"https:\/\/fiat600light.com.ar\/index.php\/wp-json\/wp\/v2\/categories?post=13110"},{"taxonomy":"post_tag","embeddable":true,"href":"https:\/\/fiat600light.com.ar\/index.php\/wp-json\/wp\/v2\/tags?post=13110"}],"curies":[{"name":"wp","href":"https:\/\/api.w.org\/{rel}","templated":true}]}}