{"id":13112,"date":"2025-08-07T00:04:48","date_gmt":"2025-08-07T00:04:48","guid":{"rendered":"https:\/\/fiat600light.com.ar\/?p=13112"},"modified":"2025-08-07T00:04:48","modified_gmt":"2025-08-07T00:04:48","slug":"se-labura-fuerte-y-contra-reloj-para-bs-as","status":"publish","type":"post","link":"https:\/\/fiat600light.com.ar\/index.php\/2025\/08\/07\/se-labura-fuerte-y-contra-reloj-para-bs-as\/","title":{"rendered":"\u00abSE LABURA FUERTE Y CONTRA RELOJ PARA BS AS\u00bb"},"content":{"rendered":"\n<p>Mauro Vaccaro tuvo un fin de semana \u201cpositivo\u201d en La Plata, seg\u00fan describi\u00f3 luego de abandonar en la primera final y terminar 20\u00b0 en la segunda.<br><a href=\"https:\/\/www.instagram.com\/mauromvr\/\">@mauromvr<\/a><img decoding=\"async\" width=\"1200\" height=\"800\" class=\"wp-image-13098 lazyload\" style=\"--smush-placeholder-width: 1200px; --smush-placeholder-aspect-ratio: 1200\/800;width: 1200px;\" data-src=\"https:\/\/fiat600light.com.ar\/wp-content\/uploads\/2025\/08\/batch_DSC_5164.jpg\" alt=\"\" data-srcset=\"https:\/\/fiat600light.com.ar\/wp-content\/uploads\/2025\/08\/batch_DSC_5164.jpg 1280w, https:\/\/fiat600light.com.ar\/wp-content\/uploads\/2025\/08\/batch_DSC_5164-300x200.jpg 300w, https:\/\/fiat600light.com.ar\/wp-content\/uploads\/2025\/08\/batch_DSC_5164-1024x682.jpg 1024w, https:\/\/fiat600light.com.ar\/wp-content\/uploads\/2025\/08\/batch_DSC_5164-768x512.jpg 768w\" data-sizes=\"auto, (max-width: 1200px) 100vw, 1200px\" src=\"data:image\/svg+xml;base64,PHN2ZyB3aWR0aD0iMSIgaGVpZ2h0PSIxIiB4bWxucz0iaHR0cDovL3d3dy53My5vcmcvMjAwMC9zdmciPjwvc3ZnPg==\" \/><br>\u201cEn la \u00faltima fecha laburamos mucho en el chasis del auto. Lamentablemente tuvimos un problema en el motor con una considerable merma de potencia que nos sentenci\u00f3 todo el finde\u201d, explic\u00f3.<\/p>\n\n\n\n<p>\u201cEn la primera final se me rompi\u00f3 el diferencial en la 2da vuelta y tuve q abandonar\u201d, coment\u00f3 el piloto de Tigre y agreg\u00f3: \u201cEn la 2da final, mi invitado Maty Coria larg\u00f3 \u00faltimo avanzando hasta el puesto 16\u00b0\u201d.<\/p>\n\n\n\n<p>\u201cSi bien el motor no ayudaba para nada, decidimos usar esa final como una prueba para terminar de pulir detalles en el auto. Ahora se labura fuerte y a contrarreloj para llegar a la fecha de Buenos Aires\u201d, afirm\u00f3.<\/p>\n\n\n\n<p>\u201cAgradezco a Maty que acept\u00f3 la invitaci\u00f3n y me ayud\u00f3 mucho el finde con el desarrollo del auto\u201d, concluy\u00f3 Vaccaro pensando en la sexta fecha de la temporada, que se llevar\u00e1 a cabo el 16 y 17 de agosto en Buenos Aires.<\/p>\n","protected":false},"excerpt":{"rendered":"<p>Mauro Vaccaro tuvo un fin de semana \u201cpositivo\u201d en La Plata, seg\u00fan describi\u00f3 luego de abandonar en la primera final y terminar 20\u00b0 en la segunda.@mauromvr\u201cEn la \u00faltima fecha laburamos [&hellip;]<\/p>\n","protected":false},"author":2,"featured_media":13104,"comment_status":"open","ping_status":"open","sticky":false,"template":"","format":"standard","meta":{"ngg_post_thumbnail":0,"footnotes":""},"categories":[14],"tags":[],"class_list":["post-13112","post","type-post","status-publish","format-standard","has-post-thumbnail","hentry","category-noticias"],"blocksy_meta":[],"_links":{"self":[{"href":"https:\/\/fiat600light.com.ar\/index.php\/wp-json\/wp\/v2\/posts\/13112","targetHints":{"allow":["GET"]}}],"collection":[{"href":"https:\/\/fiat600light.com.ar\/index.php\/wp-json\/wp\/v2\/posts"}],"about":[{"href":"https:\/\/fiat600light.com.ar\/index.php\/wp-json\/wp\/v2\/types\/post"}],"author":[{"embeddable":true,"href":"https:\/\/fiat600light.com.ar\/index.php\/wp-json\/wp\/v2\/users\/2"}],"replies":[{"embeddable":true,"href":"https:\/\/fiat600light.com.ar\/index.php\/wp-json\/wp\/v2\/comments?post=13112"}],"version-history":[{"count":1,"href":"https:\/\/fiat600light.com.ar\/index.php\/wp-json\/wp\/v2\/posts\/13112\/revisions"}],"predecessor-version":[{"id":13113,"href":"https:\/\/fiat600light.com.ar\/index.php\/wp-json\/wp\/v2\/posts\/13112\/revisions\/13113"}],"wp:featuredmedia":[{"embeddable":true,"href":"https:\/\/fiat600light.com.ar\/index.php\/wp-json\/wp\/v2\/media\/13104"}],"wp:attachment":[{"href":"https:\/\/fiat600light.com.ar\/index.php\/wp-json\/wp\/v2\/media?parent=13112"}],"wp:term":[{"taxonomy":"category","embeddable":true,"href":"https:\/\/fiat600light.com.ar\/index.php\/wp-json\/wp\/v2\/categories?post=13112"},{"taxonomy":"post_tag","embeddable":true,"href":"https:\/\/fiat600light.com.ar\/index.php\/wp-json\/wp\/v2\/tags?post=13112"}],"curies":[{"name":"wp","href":"https:\/\/api.w.org\/{rel}","templated":true}]}}