{"id":13403,"date":"2025-09-10T00:22:13","date_gmt":"2025-09-10T00:22:13","guid":{"rendered":"https:\/\/fiat600light.com.ar\/?p=13403"},"modified":"2025-09-10T00:22:14","modified_gmt":"2025-09-10T00:22:14","slug":"gorosito-el-auto-se-mantiene-competitivo","status":"publish","type":"post","link":"https:\/\/fiat600light.com.ar\/index.php\/2025\/09\/10\/gorosito-el-auto-se-mantiene-competitivo\/","title":{"rendered":"GOROSITO: \u00abEL AUTO SE MANTIENE COMPETITIVO\u00bb"},"content":{"rendered":"\n<p>Luego del paso por el G\u00e1lvez, Mat\u00edas Gorosito hizo un an\u00e1lisis de la sexta fecha. \u00abA pesar de no poder terminar de redondear el fin de semana, el resultado final es positivo sabiendo que el auto se mantiene competitivo\u00bb, afirm\u00f3.<br><a href=\"https:\/\/www.instagram.com\/matigoro.mg\/\">@matigoro.mg<\/a><br>\u00abEn la primera final -explic\u00f3- abandon\u00e9 cuando ven\u00eda 5\u00b0 y la necesidad de ir para adelante me jug\u00f3 una mala pasada, me gir\u00e9 y qued\u00e9 tirado. En la segunda final largu\u00e9 24 y llegu\u00e9 8\u00b0 con buen ritmo\u00bb.<img decoding=\"async\" width=\"1200\" height=\"800\" class=\"wp-image-13389 lazyload\" style=\"--smush-placeholder-width: 1200px; --smush-placeholder-aspect-ratio: 1200\/800;width: 1200px;\" data-src=\"https:\/\/fiat600light.com.ar\/wp-content\/uploads\/2025\/09\/DSC_8024.jpg\" alt=\"\" data-srcset=\"https:\/\/fiat600light.com.ar\/wp-content\/uploads\/2025\/09\/DSC_8024.jpg 1280w, https:\/\/fiat600light.com.ar\/wp-content\/uploads\/2025\/09\/DSC_8024-300x200.jpg 300w, https:\/\/fiat600light.com.ar\/wp-content\/uploads\/2025\/09\/DSC_8024-1024x682.jpg 1024w, https:\/\/fiat600light.com.ar\/wp-content\/uploads\/2025\/09\/DSC_8024-768x512.jpg 768w\" data-sizes=\"auto, (max-width: 1200px) 100vw, 1200px\" src=\"data:image\/svg+xml;base64,PHN2ZyB3aWR0aD0iMSIgaGVpZ2h0PSIxIiB4bWxucz0iaHR0cDovL3d3dy53My5vcmcvMjAwMC9zdmciPjwvc3ZnPg==\" \/><\/p>\n\n\n\n<p>Sabiendo que tiene el elemento mec\u00e1nico para enfrentar la s\u00e9ptima cita de la temporada en La Plata, asegur\u00f3: \u00abPara la pr\u00f3xima vamos con buenas expectativas, con las ganas de poder sumar en las dos finales y tratar de volver al podio\u00bb.<\/p>\n\n\n\n<p>\u00abAgradecido a Seba Ranca\u00f1o y Mauro Radicciotti por el motor, a mi viejo por todo el todo el trabajo que hace en el auto buscando siempre lo mejor y a la familia y los amigo por bancarnos siempre\u00bb, concluy\u00f3 Gorosito.<\/p>\n","protected":false},"excerpt":{"rendered":"<p>Luego del paso por el G\u00e1lvez, Mat\u00edas Gorosito hizo un an\u00e1lisis de la sexta fecha. \u00abA pesar de no poder terminar de redondear el fin de semana, el resultado final [&hellip;]<\/p>\n","protected":false},"author":2,"featured_media":13395,"comment_status":"open","ping_status":"open","sticky":false,"template":"","format":"standard","meta":{"ngg_post_thumbnail":0,"footnotes":""},"categories":[14],"tags":[],"class_list":["post-13403","post","type-post","status-publish","format-standard","has-post-thumbnail","hentry","category-noticias"],"blocksy_meta":[],"_links":{"self":[{"href":"https:\/\/fiat600light.com.ar\/index.php\/wp-json\/wp\/v2\/posts\/13403","targetHints":{"allow":["GET"]}}],"collection":[{"href":"https:\/\/fiat600light.com.ar\/index.php\/wp-json\/wp\/v2\/posts"}],"about":[{"href":"https:\/\/fiat600light.com.ar\/index.php\/wp-json\/wp\/v2\/types\/post"}],"author":[{"embeddable":true,"href":"https:\/\/fiat600light.com.ar\/index.php\/wp-json\/wp\/v2\/users\/2"}],"replies":[{"embeddable":true,"href":"https:\/\/fiat600light.com.ar\/index.php\/wp-json\/wp\/v2\/comments?post=13403"}],"version-history":[{"count":1,"href":"https:\/\/fiat600light.com.ar\/index.php\/wp-json\/wp\/v2\/posts\/13403\/revisions"}],"predecessor-version":[{"id":13404,"href":"https:\/\/fiat600light.com.ar\/index.php\/wp-json\/wp\/v2\/posts\/13403\/revisions\/13404"}],"wp:featuredmedia":[{"embeddable":true,"href":"https:\/\/fiat600light.com.ar\/index.php\/wp-json\/wp\/v2\/media\/13395"}],"wp:attachment":[{"href":"https:\/\/fiat600light.com.ar\/index.php\/wp-json\/wp\/v2\/media?parent=13403"}],"wp:term":[{"taxonomy":"category","embeddable":true,"href":"https:\/\/fiat600light.com.ar\/index.php\/wp-json\/wp\/v2\/categories?post=13403"},{"taxonomy":"post_tag","embeddable":true,"href":"https:\/\/fiat600light.com.ar\/index.php\/wp-json\/wp\/v2\/tags?post=13403"}],"curies":[{"name":"wp","href":"https:\/\/api.w.org\/{rel}","templated":true}]}}