{"id":13405,"date":"2025-09-10T00:24:05","date_gmt":"2025-09-10T00:24:05","guid":{"rendered":"https:\/\/fiat600light.com.ar\/?p=13405"},"modified":"2025-09-10T00:24:05","modified_gmt":"2025-09-10T00:24:05","slug":"el-auto-anduvo-muy-bien-en-bs-as","status":"publish","type":"post","link":"https:\/\/fiat600light.com.ar\/index.php\/2025\/09\/10\/el-auto-anduvo-muy-bien-en-bs-as\/","title":{"rendered":"\u00abEL AUTO ANDUVO MUY BIEN EN BS AS\u00bb"},"content":{"rendered":"\n<p>Ezequiel Sevillano se mostr\u00f3 satisfecho con el trabajo realizado en la \u00faltima fecha que la categor\u00eda disput\u00f3 en el aut\u00f3dromo Oscar y Juan G\u00e1lvez de Buenos Aires, donde finaliz\u00f3 7\u00b0 en la primera final y 6\u00b0 en la segunda.<br><a href=\"https:\/\/www.instagram.com\/ezechequi\/\">@ezechequi<\/a><img decoding=\"async\" width=\"1200\" height=\"800\" class=\"wp-image-13399 lazyload\" style=\"--smush-placeholder-width: 1200px; --smush-placeholder-aspect-ratio: 1200\/800;width: 1200px;\" data-src=\"https:\/\/fiat600light.com.ar\/wp-content\/uploads\/2025\/09\/DSC_7565.jpg\" alt=\"\" data-srcset=\"https:\/\/fiat600light.com.ar\/wp-content\/uploads\/2025\/09\/DSC_7565.jpg 1280w, https:\/\/fiat600light.com.ar\/wp-content\/uploads\/2025\/09\/DSC_7565-300x200.jpg 300w, https:\/\/fiat600light.com.ar\/wp-content\/uploads\/2025\/09\/DSC_7565-1024x682.jpg 1024w, https:\/\/fiat600light.com.ar\/wp-content\/uploads\/2025\/09\/DSC_7565-768x512.jpg 768w\" data-sizes=\"auto, (max-width: 1200px) 100vw, 1200px\" src=\"data:image\/svg+xml;base64,PHN2ZyB3aWR0aD0iMSIgaGVpZ2h0PSIxIiB4bWxucz0iaHR0cDovL3d3dy53My5vcmcvMjAwMC9zdmciPjwvc3ZnPg==\" \/><br>\u201cNos vinimos contentos de Buenos Aires, ya que el auto anduvo muy bien y pudimos pelear en el lote de punta\u201d, afirm\u00f3 el piloto de Ca\u00f1uelas y agreg\u00f3: \u201cEn la primera final ven\u00eda 4\u00b0 y un error m\u00edo me retras\u00f3, pero pudimos recuperar y en la segunda, muy peleada, pero pudimos hacer una buena carrera\u201d.<\/p>\n\n\n\n<p>\u201cLa fecha que viene la espero con muchas ganas\u201d, asegur\u00f3 Sevillano, que llegar\u00e1 9\u00b0 en el campeonato con la firme intenci\u00f3n de sacar provecho en el aut\u00f3dromo Roberto Mouras, el pr\u00f3ximo 13 y 14 de septiembre.<\/p>\n","protected":false},"excerpt":{"rendered":"<p>Ezequiel Sevillano se mostr\u00f3 satisfecho con el trabajo realizado en la \u00faltima fecha que la categor\u00eda disput\u00f3 en el aut\u00f3dromo Oscar y Juan G\u00e1lvez de Buenos Aires, donde finaliz\u00f3 7\u00b0 [&hellip;]<\/p>\n","protected":false},"author":2,"featured_media":13396,"comment_status":"open","ping_status":"open","sticky":false,"template":"","format":"standard","meta":{"ngg_post_thumbnail":0,"footnotes":""},"categories":[14],"tags":[],"class_list":["post-13405","post","type-post","status-publish","format-standard","has-post-thumbnail","hentry","category-noticias"],"blocksy_meta":[],"_links":{"self":[{"href":"https:\/\/fiat600light.com.ar\/index.php\/wp-json\/wp\/v2\/posts\/13405","targetHints":{"allow":["GET"]}}],"collection":[{"href":"https:\/\/fiat600light.com.ar\/index.php\/wp-json\/wp\/v2\/posts"}],"about":[{"href":"https:\/\/fiat600light.com.ar\/index.php\/wp-json\/wp\/v2\/types\/post"}],"author":[{"embeddable":true,"href":"https:\/\/fiat600light.com.ar\/index.php\/wp-json\/wp\/v2\/users\/2"}],"replies":[{"embeddable":true,"href":"https:\/\/fiat600light.com.ar\/index.php\/wp-json\/wp\/v2\/comments?post=13405"}],"version-history":[{"count":1,"href":"https:\/\/fiat600light.com.ar\/index.php\/wp-json\/wp\/v2\/posts\/13405\/revisions"}],"predecessor-version":[{"id":13406,"href":"https:\/\/fiat600light.com.ar\/index.php\/wp-json\/wp\/v2\/posts\/13405\/revisions\/13406"}],"wp:featuredmedia":[{"embeddable":true,"href":"https:\/\/fiat600light.com.ar\/index.php\/wp-json\/wp\/v2\/media\/13396"}],"wp:attachment":[{"href":"https:\/\/fiat600light.com.ar\/index.php\/wp-json\/wp\/v2\/media?parent=13405"}],"wp:term":[{"taxonomy":"category","embeddable":true,"href":"https:\/\/fiat600light.com.ar\/index.php\/wp-json\/wp\/v2\/categories?post=13405"},{"taxonomy":"post_tag","embeddable":true,"href":"https:\/\/fiat600light.com.ar\/index.php\/wp-json\/wp\/v2\/tags?post=13405"}],"curies":[{"name":"wp","href":"https:\/\/api.w.org\/{rel}","templated":true}]}}