{"id":13407,"date":"2025-09-10T00:25:27","date_gmt":"2025-09-10T00:25:27","guid":{"rendered":"https:\/\/fiat600light.com.ar\/?p=13407"},"modified":"2025-09-10T00:25:28","modified_gmt":"2025-09-10T00:25:28","slug":"martinez-y-un-balance-satisfactorio","status":"publish","type":"post","link":"https:\/\/fiat600light.com.ar\/index.php\/2025\/09\/10\/martinez-y-un-balance-satisfactorio\/","title":{"rendered":"MARTINEZ Y UN BALANCE SATISFACTORIO"},"content":{"rendered":"\n<p>Tras su paso por el aut\u00f3dromo Oscar y Juan G\u00e1lvez de Buenos Aires, Jos\u00e9 Mart\u00ednez afirm\u00f3 que \u00abel balance de la \u00faltima fecha fue muy bueno\u00bb.<\/p>\n\n\n\n<p>\u00abA pesar de haber tenido inconvenientes en las 2 carreras finales, tuvimos parciales muy buenos y terminando de adaptarme al manejo en la Light que no es f\u00e1cil\u00bb, explic\u00f3 el piloto capitalino.<img decoding=\"async\" width=\"1200\" height=\"800\" class=\"wp-image-13398 lazyload\" style=\"--smush-placeholder-width: 1200px; --smush-placeholder-aspect-ratio: 1200\/800;width: 1200px;\" data-src=\"https:\/\/fiat600light.com.ar\/wp-content\/uploads\/2025\/09\/DSC_7542.jpg\" alt=\"\" data-srcset=\"https:\/\/fiat600light.com.ar\/wp-content\/uploads\/2025\/09\/DSC_7542.jpg 1280w, https:\/\/fiat600light.com.ar\/wp-content\/uploads\/2025\/09\/DSC_7542-300x200.jpg 300w, https:\/\/fiat600light.com.ar\/wp-content\/uploads\/2025\/09\/DSC_7542-1024x682.jpg 1024w, https:\/\/fiat600light.com.ar\/wp-content\/uploads\/2025\/09\/DSC_7542-768x512.jpg 768w\" data-sizes=\"auto, (max-width: 1200px) 100vw, 1200px\" src=\"data:image\/svg+xml;base64,PHN2ZyB3aWR0aD0iMSIgaGVpZ2h0PSIxIiB4bWxucz0iaHR0cDovL3d3dy53My5vcmcvMjAwMC9zdmciPjwvc3ZnPg==\" \/><\/p>\n\n\n\n<p>\u00abEn la segunda final -continu\u00f3- un inconveniente en los frenos me hizo chocar a Leonel Gambaro y fue lo m\u00e1s negativo\u00bb.<\/p>\n\n\n\n<p>De todos modos, destac\u00f3 que el resultado general es muy buenl y, sobretodo, se avanza con \u00abel armado del auto propio para las \u00faltimas 2 fechas\u00bb.<\/p>\n","protected":false},"excerpt":{"rendered":"<p>Tras su paso por el aut\u00f3dromo Oscar y Juan G\u00e1lvez de Buenos Aires, Jos\u00e9 Mart\u00ednez afirm\u00f3 que \u00abel balance de la \u00faltima fecha fue muy bueno\u00bb. \u00abA pesar de haber [&hellip;]<\/p>\n","protected":false},"author":2,"featured_media":13394,"comment_status":"open","ping_status":"open","sticky":false,"template":"","format":"standard","meta":{"ngg_post_thumbnail":0,"footnotes":""},"categories":[14],"tags":[],"class_list":["post-13407","post","type-post","status-publish","format-standard","has-post-thumbnail","hentry","category-noticias"],"blocksy_meta":[],"_links":{"self":[{"href":"https:\/\/fiat600light.com.ar\/index.php\/wp-json\/wp\/v2\/posts\/13407","targetHints":{"allow":["GET"]}}],"collection":[{"href":"https:\/\/fiat600light.com.ar\/index.php\/wp-json\/wp\/v2\/posts"}],"about":[{"href":"https:\/\/fiat600light.com.ar\/index.php\/wp-json\/wp\/v2\/types\/post"}],"author":[{"embeddable":true,"href":"https:\/\/fiat600light.com.ar\/index.php\/wp-json\/wp\/v2\/users\/2"}],"replies":[{"embeddable":true,"href":"https:\/\/fiat600light.com.ar\/index.php\/wp-json\/wp\/v2\/comments?post=13407"}],"version-history":[{"count":1,"href":"https:\/\/fiat600light.com.ar\/index.php\/wp-json\/wp\/v2\/posts\/13407\/revisions"}],"predecessor-version":[{"id":13408,"href":"https:\/\/fiat600light.com.ar\/index.php\/wp-json\/wp\/v2\/posts\/13407\/revisions\/13408"}],"wp:featuredmedia":[{"embeddable":true,"href":"https:\/\/fiat600light.com.ar\/index.php\/wp-json\/wp\/v2\/media\/13394"}],"wp:attachment":[{"href":"https:\/\/fiat600light.com.ar\/index.php\/wp-json\/wp\/v2\/media?parent=13407"}],"wp:term":[{"taxonomy":"category","embeddable":true,"href":"https:\/\/fiat600light.com.ar\/index.php\/wp-json\/wp\/v2\/categories?post=13407"},{"taxonomy":"post_tag","embeddable":true,"href":"https:\/\/fiat600light.com.ar\/index.php\/wp-json\/wp\/v2\/tags?post=13407"}],"curies":[{"name":"wp","href":"https:\/\/api.w.org\/{rel}","templated":true}]}}