{"id":13409,"date":"2025-09-10T00:27:32","date_gmt":"2025-09-10T00:27:32","guid":{"rendered":"https:\/\/fiat600light.com.ar\/?p=13409"},"modified":"2025-09-10T00:27:32","modified_gmt":"2025-09-10T00:27:32","slug":"vaccaro-vamos-a-la-plata-con-grandes-espectativas","status":"publish","type":"post","link":"https:\/\/fiat600light.com.ar\/index.php\/2025\/09\/10\/vaccaro-vamos-a-la-plata-con-grandes-espectativas\/","title":{"rendered":"VACCARO: \u00abVAMOS A LA PLATA CON GRANDES ESPECTATIVAS\u00bb"},"content":{"rendered":"\n<p>\u00abEn Buenos Aires el auto anduvo muy bien\u00bb, afirm\u00f3 Mauro Vaccaro en referencia a la sexta fecha que se llev\u00f3 a cabo en el aut\u00f3dromo Oscar y Juan G\u00e1lvez.<\/p>\n\n\n\n<p>\u00abEn la primera final largamos del puesto 18 y llegamos hasta el 10\u00b0, pero un toque de un rival me hizo quedar \u00faltimo. Remontamos hasta el 14\u00b0 lugar\u00bb, resumi\u00f3.<img decoding=\"async\" width=\"1200\" height=\"800\" class=\"wp-image-13393 lazyload\" style=\"--smush-placeholder-width: 1200px; --smush-placeholder-aspect-ratio: 1200\/800;width: 1200px;\" data-src=\"https:\/\/fiat600light.com.ar\/wp-content\/uploads\/2025\/09\/DSC_7434.jpg\" alt=\"\" data-srcset=\"https:\/\/fiat600light.com.ar\/wp-content\/uploads\/2025\/09\/DSC_7434.jpg 1280w, https:\/\/fiat600light.com.ar\/wp-content\/uploads\/2025\/09\/DSC_7434-300x200.jpg 300w, https:\/\/fiat600light.com.ar\/wp-content\/uploads\/2025\/09\/DSC_7434-1024x682.jpg 1024w, https:\/\/fiat600light.com.ar\/wp-content\/uploads\/2025\/09\/DSC_7434-768x512.jpg 768w\" data-sizes=\"auto, (max-width: 1200px) 100vw, 1200px\" src=\"data:image\/svg+xml;base64,PHN2ZyB3aWR0aD0iMSIgaGVpZ2h0PSIxIiB4bWxucz0iaHR0cDovL3d3dy53My5vcmcvMjAwMC9zdmciPjwvc3ZnPg==\" \/><\/p>\n\n\n\n<p>\u00abEn la 2da final -continu\u00f3- largando desde el fondo llegamos hasta el puesto 15. Fueron 2 finales muy accidentadas en las cuales predomin\u00f3 el Auto de Seguridad.<br>De todos modos, admiti\u00f3 que \u00abfalta pulir un par de cosas m\u00e1s del chasis\u00bb y que se hizo un repaso general para enfrentar la pr\u00f3xima presentaci\u00f3n en el \u00abRoberto Mouras\u00bb.<\/p>\n\n\n\n<p>\u00abVamos a La Plata con muchas expectativas\u00bb, exclam\u00f3 Vaccaro que se encuentra 23\u00b0 en el campeonato.<\/p>\n","protected":false},"excerpt":{"rendered":"<p>\u00abEn Buenos Aires el auto anduvo muy bien\u00bb, afirm\u00f3 Mauro Vaccaro en referencia a la sexta fecha que se llev\u00f3 a cabo en el aut\u00f3dromo Oscar y Juan G\u00e1lvez. \u00abEn [&hellip;]<\/p>\n","protected":false},"author":2,"featured_media":13397,"comment_status":"open","ping_status":"open","sticky":false,"template":"","format":"standard","meta":{"ngg_post_thumbnail":0,"footnotes":""},"categories":[14],"tags":[],"class_list":["post-13409","post","type-post","status-publish","format-standard","has-post-thumbnail","hentry","category-noticias"],"blocksy_meta":[],"_links":{"self":[{"href":"https:\/\/fiat600light.com.ar\/index.php\/wp-json\/wp\/v2\/posts\/13409","targetHints":{"allow":["GET"]}}],"collection":[{"href":"https:\/\/fiat600light.com.ar\/index.php\/wp-json\/wp\/v2\/posts"}],"about":[{"href":"https:\/\/fiat600light.com.ar\/index.php\/wp-json\/wp\/v2\/types\/post"}],"author":[{"embeddable":true,"href":"https:\/\/fiat600light.com.ar\/index.php\/wp-json\/wp\/v2\/users\/2"}],"replies":[{"embeddable":true,"href":"https:\/\/fiat600light.com.ar\/index.php\/wp-json\/wp\/v2\/comments?post=13409"}],"version-history":[{"count":1,"href":"https:\/\/fiat600light.com.ar\/index.php\/wp-json\/wp\/v2\/posts\/13409\/revisions"}],"predecessor-version":[{"id":13410,"href":"https:\/\/fiat600light.com.ar\/index.php\/wp-json\/wp\/v2\/posts\/13409\/revisions\/13410"}],"wp:featuredmedia":[{"embeddable":true,"href":"https:\/\/fiat600light.com.ar\/index.php\/wp-json\/wp\/v2\/media\/13397"}],"wp:attachment":[{"href":"https:\/\/fiat600light.com.ar\/index.php\/wp-json\/wp\/v2\/media?parent=13409"}],"wp:term":[{"taxonomy":"category","embeddable":true,"href":"https:\/\/fiat600light.com.ar\/index.php\/wp-json\/wp\/v2\/categories?post=13409"},{"taxonomy":"post_tag","embeddable":true,"href":"https:\/\/fiat600light.com.ar\/index.php\/wp-json\/wp\/v2\/tags?post=13409"}],"curies":[{"name":"wp","href":"https:\/\/api.w.org\/{rel}","templated":true}]}}