{"id":13653,"date":"2025-10-22T02:50:48","date_gmt":"2025-10-22T02:50:48","guid":{"rendered":"https:\/\/fiat600light.com.ar\/?p=13653"},"modified":"2025-10-22T02:50:49","modified_gmt":"2025-10-22T02:50:49","slug":"dobletazo-de-juan-cruz-bueno-en-la-octava","status":"publish","type":"post","link":"https:\/\/fiat600light.com.ar\/index.php\/2025\/10\/22\/dobletazo-de-juan-cruz-bueno-en-la-octava\/","title":{"rendered":"DOBLETAZO DE JUAN CRUZ BUENO EN LA OCTAVA"},"content":{"rendered":"\n<p>La octava del a\u00f1o se llev\u00f3 a cabo sobre el trazado chico del Mouras de La Plata. All\u00ed, el piloto platense Juan Cruz Bueno a bordo de la maquina n\u00b0 4 se alz\u00f3 con sendos triunfos en las dos finales del d\u00eda.<br>Esto es lo que sucedi\u00f3&#8230;<\/p>\n\n\n\n<p class=\"has-palette-color-1-color has-text-color has-link-color has-medium-font-size wp-elements-e13c613eb3cf32af4910bae9e926d7e3\"><strong>FINAL 1: BUENO PEGO PRIMERO<\/strong><\/p>\n\n\n\n<p>Juan Cruz Bueno salt\u00f3 al triunfo en la primera final del fin de semana luego de relegar al poleman, Mat\u00edas Balladares en el aut\u00f3dromo de La Plata.<\/p>\n\n\n\n<p>El campe\u00f3n, Mauro Risoli, complet\u00f3 el podio luego de avanzar desde la 7ma colocaci\u00f3n.<img decoding=\"async\" width=\"1200\" height=\"800\" class=\"wp-image-13655 lazyload\" style=\"--smush-placeholder-width: 1200px; --smush-placeholder-aspect-ratio: 1200\/800;width: 1200px;\" data-src=\"https:\/\/fiat600light.com.ar\/wp-content\/uploads\/2025\/10\/2O7A1703.jpg\" alt=\"\" data-srcset=\"https:\/\/fiat600light.com.ar\/wp-content\/uploads\/2025\/10\/2O7A1703.jpg 1280w, https:\/\/fiat600light.com.ar\/wp-content\/uploads\/2025\/10\/2O7A1703-300x200.jpg 300w, https:\/\/fiat600light.com.ar\/wp-content\/uploads\/2025\/10\/2O7A1703-1024x682.jpg 1024w, https:\/\/fiat600light.com.ar\/wp-content\/uploads\/2025\/10\/2O7A1703-768x512.jpg 768w\" data-sizes=\"auto, (max-width: 1200px) 100vw, 1200px\" src=\"data:image\/svg+xml;base64,PHN2ZyB3aWR0aD0iMSIgaGVpZ2h0PSIxIiB4bWxucz0iaHR0cDovL3d3dy53My5vcmcvMjAwMC9zdmciPjwvc3ZnPg==\" \/><\/p>\n\n\n\n<p>\u00c1lan Gim\u00e9nez se encontraba 3\u00b0 cuando intent\u00f3 avanzar y se despist\u00f3. Cay\u00f3 al 6\u00b0 puesto para recibir la bandera a cuadros detr\u00e1s de Guillermo Rodr\u00edguez y Ezequiel Monteiro.<\/p>\n\n\n\n<p>Desde el 13er lugar remont\u00f3 Ezequiel Sevillano para llegar 8\u00b0 detr\u00e1s de Rodrigo Torres.<\/p>\n\n\n\n<p>N\u00e9stor Tortonesi y \u00c1ngel Gardenal completaron el top ten de la primera final.<\/p>\n\n\n\n<p class=\"has-palette-color-1-color has-text-color has-link-color has-medium-font-size wp-elements-a342017da7ef9a605f86775f49ad6b6a\"><strong>FINAL 2: BUENO SELLO EL DOBLETE<\/strong><\/p>\n\n\n\n<p>Las dos finales del domingo quedaron en manos de Juan Cruz Bueno, quien logr\u00f3 imponerse tambi\u00e9n en la segunda carrera para dejar atr\u00e1s al campe\u00f3n, Mauro Risoli, en el aut\u00f3dromo Roberto Mouras de La Plata.<img decoding=\"async\" width=\"1200\" height=\"800\" class=\"wp-image-13656 lazyload\" style=\"--smush-placeholder-width: 1200px; --smush-placeholder-aspect-ratio: 1200\/800;width: 1200px;\" data-src=\"https:\/\/fiat600light.com.ar\/wp-content\/uploads\/2025\/10\/2O7A0192.jpg\" alt=\"\" data-srcset=\"https:\/\/fiat600light.com.ar\/wp-content\/uploads\/2025\/10\/2O7A0192.jpg 1280w, https:\/\/fiat600light.com.ar\/wp-content\/uploads\/2025\/10\/2O7A0192-300x200.jpg 300w, https:\/\/fiat600light.com.ar\/wp-content\/uploads\/2025\/10\/2O7A0192-1024x682.jpg 1024w, https:\/\/fiat600light.com.ar\/wp-content\/uploads\/2025\/10\/2O7A0192-768x512.jpg 768w\" data-sizes=\"auto, (max-width: 1200px) 100vw, 1200px\" src=\"data:image\/svg+xml;base64,PHN2ZyB3aWR0aD0iMSIgaGVpZ2h0PSIxIiB4bWxucz0iaHR0cDovL3d3dy53My5vcmcvMjAwMC9zdmciPjwvc3ZnPg==\" \/><\/p>\n\n\n\n<p>El l\u00edder del campeonato, Mat\u00edas Balladares, complet\u00f3 el podio para afianzarse en la punta del certamen a falta de 2 fechas para la definici\u00f3n.<br><\/p>\n","protected":false},"excerpt":{"rendered":"<p>La octava del a\u00f1o se llev\u00f3 a cabo sobre el trazado chico del Mouras de La Plata. All\u00ed, el piloto platense Juan Cruz Bueno a bordo de la maquina n\u00b0 [&hellip;]<\/p>\n","protected":false},"author":2,"featured_media":13654,"comment_status":"open","ping_status":"open","sticky":false,"template":"","format":"standard","meta":{"ngg_post_thumbnail":0,"footnotes":""},"categories":[14],"tags":[],"class_list":["post-13653","post","type-post","status-publish","format-standard","has-post-thumbnail","hentry","category-noticias"],"blocksy_meta":[],"_links":{"self":[{"href":"https:\/\/fiat600light.com.ar\/index.php\/wp-json\/wp\/v2\/posts\/13653","targetHints":{"allow":["GET"]}}],"collection":[{"href":"https:\/\/fiat600light.com.ar\/index.php\/wp-json\/wp\/v2\/posts"}],"about":[{"href":"https:\/\/fiat600light.com.ar\/index.php\/wp-json\/wp\/v2\/types\/post"}],"author":[{"embeddable":true,"href":"https:\/\/fiat600light.com.ar\/index.php\/wp-json\/wp\/v2\/users\/2"}],"replies":[{"embeddable":true,"href":"https:\/\/fiat600light.com.ar\/index.php\/wp-json\/wp\/v2\/comments?post=13653"}],"version-history":[{"count":1,"href":"https:\/\/fiat600light.com.ar\/index.php\/wp-json\/wp\/v2\/posts\/13653\/revisions"}],"predecessor-version":[{"id":13657,"href":"https:\/\/fiat600light.com.ar\/index.php\/wp-json\/wp\/v2\/posts\/13653\/revisions\/13657"}],"wp:featuredmedia":[{"embeddable":true,"href":"https:\/\/fiat600light.com.ar\/index.php\/wp-json\/wp\/v2\/media\/13654"}],"wp:attachment":[{"href":"https:\/\/fiat600light.com.ar\/index.php\/wp-json\/wp\/v2\/media?parent=13653"}],"wp:term":[{"taxonomy":"category","embeddable":true,"href":"https:\/\/fiat600light.com.ar\/index.php\/wp-json\/wp\/v2\/categories?post=13653"},{"taxonomy":"post_tag","embeddable":true,"href":"https:\/\/fiat600light.com.ar\/index.php\/wp-json\/wp\/v2\/tags?post=13653"}],"curies":[{"name":"wp","href":"https:\/\/api.w.org\/{rel}","templated":true}]}}