{"id":13889,"date":"2025-11-07T23:44:55","date_gmt":"2025-11-07T23:44:55","guid":{"rendered":"https:\/\/fiat600light.com.ar\/?p=13889"},"modified":"2025-11-07T23:44:56","modified_gmt":"2025-11-07T23:44:56","slug":"tortonesi-vamos-con-la-espectativa-de-dar-pelea","status":"publish","type":"post","link":"https:\/\/fiat600light.com.ar\/index.php\/2025\/11\/07\/tortonesi-vamos-con-la-espectativa-de-dar-pelea\/","title":{"rendered":"TORTONESI: \u00abVAMOS CON LA ESPECTATIVA DE DAR PELEA\u00bb"},"content":{"rendered":"\n<p>N\u00e9stor Tortonesi est\u00e1 confiado con terminar el a\u00f1o en los puestos de vanguardia, gracias al rendimiento que demostr\u00f3 su unidad en la \u00faltima fecha que la Fiat 600 Light disput\u00f3 en el aut\u00f3dromo de La Plata.<br><a href=\"https:\/\/www.instagram.com\/torto.1\/\">@torto.1<\/a><br>\u201cDe a poco vamos encontrando el rumbo al auto, nos est\u00e1 costando un mont\u00f3n, pero estamos trabajando much\u00edsimo para lograr tener un equilibrio\u201d, admiti\u00f3.<img decoding=\"async\" width=\"1200\" height=\"800\" class=\"wp-image-13877 lazyload\" style=\"--smush-placeholder-width: 1200px; --smush-placeholder-aspect-ratio: 1200\/800;width: 1200px;\" data-src=\"https:\/\/fiat600light.com.ar\/wp-content\/uploads\/2025\/11\/2O7A1395.jpg\" alt=\"\" data-srcset=\"https:\/\/fiat600light.com.ar\/wp-content\/uploads\/2025\/11\/2O7A1395.jpg 1280w, https:\/\/fiat600light.com.ar\/wp-content\/uploads\/2025\/11\/2O7A1395-300x200.jpg 300w, https:\/\/fiat600light.com.ar\/wp-content\/uploads\/2025\/11\/2O7A1395-1024x682.jpg 1024w, https:\/\/fiat600light.com.ar\/wp-content\/uploads\/2025\/11\/2O7A1395-768x512.jpg 768w\" data-sizes=\"auto, (max-width: 1200px) 100vw, 1200px\" src=\"data:image\/svg+xml;base64,PHN2ZyB3aWR0aD0iMSIgaGVpZ2h0PSIxIiB4bWxucz0iaHR0cDovL3d3dy53My5vcmcvMjAwMC9zdmciPjwvc3ZnPg==\" \/><\/p>\n\n\n\n<p>\u201chab\u00edamos logrado tener un auto relativamente r\u00e1pido, pero duraba dos o tres vueltas y despu\u00e9s se ca\u00eda\u201d, admiti\u00f3 y remarc\u00f3: \u201cSe trabaj\u00f3 tambi\u00e9n en el motor y ahora tenemos uno mejor\u201d.<\/p>\n\n\n\n<p>En esa l\u00ednea, N\u00e9stor agreg\u00f3: \u201cEl auto se equilibr\u00f3 bastante, al igual que el freno que nos estaba costando, as\u00ed que estamos mejor en todos los aspectos. Entendemos que estamos un poco mejor para la pelea (no s\u00e9 si por la punta), pero por lo menos tratar de estar al ritmo, que est\u00e1bamos bastante lejos\u201d.<\/p>\n\n\n\n<p>\u201cVamos con la expectativa de poder estar a la altura de las circunstancias y tratar de dar pelea con los r\u00e1pidos\u201d, afirm\u00f3 Tortonesi, dispuesto a aprovechar la pen\u00faltima fecha de la temporada, en el Mouras.<\/p>\n","protected":false},"excerpt":{"rendered":"<p>N\u00e9stor Tortonesi est\u00e1 confiado con terminar el a\u00f1o en los puestos de vanguardia, gracias al rendimiento que demostr\u00f3 su unidad en la \u00faltima fecha que la Fiat 600 Light disput\u00f3 [&hellip;]<\/p>\n","protected":false},"author":2,"featured_media":13883,"comment_status":"open","ping_status":"open","sticky":false,"template":"","format":"standard","meta":{"ngg_post_thumbnail":0,"footnotes":""},"categories":[14],"tags":[],"class_list":["post-13889","post","type-post","status-publish","format-standard","has-post-thumbnail","hentry","category-noticias"],"blocksy_meta":[],"_links":{"self":[{"href":"https:\/\/fiat600light.com.ar\/index.php\/wp-json\/wp\/v2\/posts\/13889","targetHints":{"allow":["GET"]}}],"collection":[{"href":"https:\/\/fiat600light.com.ar\/index.php\/wp-json\/wp\/v2\/posts"}],"about":[{"href":"https:\/\/fiat600light.com.ar\/index.php\/wp-json\/wp\/v2\/types\/post"}],"author":[{"embeddable":true,"href":"https:\/\/fiat600light.com.ar\/index.php\/wp-json\/wp\/v2\/users\/2"}],"replies":[{"embeddable":true,"href":"https:\/\/fiat600light.com.ar\/index.php\/wp-json\/wp\/v2\/comments?post=13889"}],"version-history":[{"count":1,"href":"https:\/\/fiat600light.com.ar\/index.php\/wp-json\/wp\/v2\/posts\/13889\/revisions"}],"predecessor-version":[{"id":13890,"href":"https:\/\/fiat600light.com.ar\/index.php\/wp-json\/wp\/v2\/posts\/13889\/revisions\/13890"}],"wp:featuredmedia":[{"embeddable":true,"href":"https:\/\/fiat600light.com.ar\/index.php\/wp-json\/wp\/v2\/media\/13883"}],"wp:attachment":[{"href":"https:\/\/fiat600light.com.ar\/index.php\/wp-json\/wp\/v2\/media?parent=13889"}],"wp:term":[{"taxonomy":"category","embeddable":true,"href":"https:\/\/fiat600light.com.ar\/index.php\/wp-json\/wp\/v2\/categories?post=13889"},{"taxonomy":"post_tag","embeddable":true,"href":"https:\/\/fiat600light.com.ar\/index.php\/wp-json\/wp\/v2\/tags?post=13889"}],"curies":[{"name":"wp","href":"https:\/\/api.w.org\/{rel}","templated":true}]}}