{"id":14123,"date":"2025-12-11T12:43:01","date_gmt":"2025-12-11T12:43:01","guid":{"rendered":"https:\/\/fiat600light.com.ar\/?p=14123"},"modified":"2025-12-11T12:43:02","modified_gmt":"2025-12-11T12:43:02","slug":"torres-en-el-top-10","status":"publish","type":"post","link":"https:\/\/fiat600light.com.ar\/index.php\/2025\/12\/11\/torres-en-el-top-10\/","title":{"rendered":"TORRES EN EL TOP 10"},"content":{"rendered":"\n<p>\u00abLa fecha de La Plata fue muy positiva\u00bb, asegur\u00f3 Rodrigo Torres luego de la novena fecha de la temporada y explic\u00f3: \u00abArrancamos complicados el s\u00e1bado en los entrenamientos y la clasificaci\u00f3n porque con la lluvia del viernes no pudimos asentar gomas\u00bb.<\/p>\n\n\n\n<p>\u00abReci\u00e9n el domingo -aclar\u00f3- el auto empez\u00f3 a agarrar ritmo y por suerte pudimos terminar 10\u00b0, que es nuestro objetivo entrar en el top 10 y seguir sumando experiencia\u00bb.<img decoding=\"async\" width=\"1200\" height=\"800\" class=\"wp-image-14097 lazyload\" style=\"--smush-placeholder-width: 1200px; --smush-placeholder-aspect-ratio: 1200\/800;width: 1200px;\" data-src=\"https:\/\/fiat600light.com.ar\/wp-content\/uploads\/2025\/12\/DSC_4400.jpg\" alt=\"\" data-srcset=\"https:\/\/fiat600light.com.ar\/wp-content\/uploads\/2025\/12\/DSC_4400.jpg 1280w, https:\/\/fiat600light.com.ar\/wp-content\/uploads\/2025\/12\/DSC_4400-300x200.jpg 300w, https:\/\/fiat600light.com.ar\/wp-content\/uploads\/2025\/12\/DSC_4400-1024x682.jpg 1024w, https:\/\/fiat600light.com.ar\/wp-content\/uploads\/2025\/12\/DSC_4400-768x512.jpg 768w\" data-sizes=\"auto, (max-width: 1200px) 100vw, 1200px\" src=\"data:image\/svg+xml;base64,PHN2ZyB3aWR0aD0iMSIgaGVpZ2h0PSIxIiB4bWxucz0iaHR0cDovL3d3dy53My5vcmcvMjAwMC9zdmciPjwvc3ZnPg==\" \/><\/p>\n\n\n\n<p>\u00abVuelta a vuelta se aprende algo nuevo y en la segunda final pudimos avanzar un poco y terminar 7\u00b0 as\u00ed que m\u00e1s que contento con los resultados\u00bb, confirm\u00f3.<\/p>\n\n\n\n<p>Ya pensando en el \u00faltimo compromiso del a\u00f1o, Torres cont\u00f3: \u00abVamos con todo a Buenos Aires. Se est\u00e1 haciendo larga la espera pero la esperamos con ansias. Espero poder terminar las 2 finales entre los 10 y cerrar mi primer a\u00f1o corriendo solo\u00bb.<\/p>\n\n\n\n<p>\u00abD\u00e9jame agradecer -a\u00f1adi\u00f3- a todos los que se hicieron presentes en el Mouras para apoyar y levantar el \u00e1nimo ya que justo hubiera sido el cumplea\u00f1os de mi viejo y es el primer cumplea\u00f1os que no lo tengo\u00bb.<\/p>\n\n\n\n<p>\u00abY tambi\u00e9n al Tala que me da un ca\u00f1\u00f3n todas las fechas y labura mes a mes para que estemos lo m\u00e1s adelante posible\u00bb, concluy\u00f3.<\/p>\n","protected":false},"excerpt":{"rendered":"<p>\u00abLa fecha de La Plata fue muy positiva\u00bb, asegur\u00f3 Rodrigo Torres luego de la novena fecha de la temporada y explic\u00f3: \u00abArrancamos complicados el s\u00e1bado en los entrenamientos y la [&hellip;]<\/p>\n","protected":false},"author":2,"featured_media":14093,"comment_status":"open","ping_status":"open","sticky":false,"template":"","format":"standard","meta":{"ngg_post_thumbnail":0,"footnotes":""},"categories":[14],"tags":[],"class_list":["post-14123","post","type-post","status-publish","format-standard","has-post-thumbnail","hentry","category-noticias"],"blocksy_meta":[],"_links":{"self":[{"href":"https:\/\/fiat600light.com.ar\/index.php\/wp-json\/wp\/v2\/posts\/14123","targetHints":{"allow":["GET"]}}],"collection":[{"href":"https:\/\/fiat600light.com.ar\/index.php\/wp-json\/wp\/v2\/posts"}],"about":[{"href":"https:\/\/fiat600light.com.ar\/index.php\/wp-json\/wp\/v2\/types\/post"}],"author":[{"embeddable":true,"href":"https:\/\/fiat600light.com.ar\/index.php\/wp-json\/wp\/v2\/users\/2"}],"replies":[{"embeddable":true,"href":"https:\/\/fiat600light.com.ar\/index.php\/wp-json\/wp\/v2\/comments?post=14123"}],"version-history":[{"count":1,"href":"https:\/\/fiat600light.com.ar\/index.php\/wp-json\/wp\/v2\/posts\/14123\/revisions"}],"predecessor-version":[{"id":14124,"href":"https:\/\/fiat600light.com.ar\/index.php\/wp-json\/wp\/v2\/posts\/14123\/revisions\/14124"}],"wp:featuredmedia":[{"embeddable":true,"href":"https:\/\/fiat600light.com.ar\/index.php\/wp-json\/wp\/v2\/media\/14093"}],"wp:attachment":[{"href":"https:\/\/fiat600light.com.ar\/index.php\/wp-json\/wp\/v2\/media?parent=14123"}],"wp:term":[{"taxonomy":"category","embeddable":true,"href":"https:\/\/fiat600light.com.ar\/index.php\/wp-json\/wp\/v2\/categories?post=14123"},{"taxonomy":"post_tag","embeddable":true,"href":"https:\/\/fiat600light.com.ar\/index.php\/wp-json\/wp\/v2\/tags?post=14123"}],"curies":[{"name":"wp","href":"https:\/\/api.w.org\/{rel}","templated":true}]}}