{"id":14125,"date":"2025-12-11T12:44:11","date_gmt":"2025-12-11T12:44:11","guid":{"rendered":"https:\/\/fiat600light.com.ar\/?p=14125"},"modified":"2025-12-11T12:53:43","modified_gmt":"2025-12-11T12:53:43","slug":"guernos-satisfecho-con-la-9na","status":"publish","type":"post","link":"https:\/\/fiat600light.com.ar\/index.php\/2025\/12\/11\/guernos-satisfecho-con-la-9na\/","title":{"rendered":"G\u00dcERNOS SATISFECHO CON LA 9na"},"content":{"rendered":"\n<p>\u201c\u00a1La fecha pasada fue extremadamente positiva!\u201d, exclam\u00f3 Mat\u00edas G\u00fcernos en referencia a la novena presentaci\u00f3n del a\u00f1o que se disput\u00f3 en La Plata. \u201cEl viernes-explic\u00f3- la lluvia nos impidi\u00f3 probar, pero me sirvi\u00f3 para sumar experiencia manejando este tipo de autos con pista h\u00fameda. Gracias a los consejos de Jos\u00e9, me sent\u00ed muy c\u00f3modo y sali\u00f3 todo redondo\u201d.<\/p>\n\n\n\n<p>\u201cEl s\u00e1bado me cost\u00f3 encontrar el ritmo\u201d, admiti\u00f3 y a\u00f1adi\u00f3: \u201cAunque bajaba los tiempos en cada salida, no alcanzaba para el Top 12. Por eso, para la clasificaci\u00f3n apostamos a un cambio en la puesta a punto; el auto mejor\u00f3 mucho, pero clasificamos en el puesto 17\u201d.<img decoding=\"async\" width=\"1200\" height=\"800\" class=\"wp-image-14096 lazyload\" style=\"--smush-placeholder-width: 1200px; --smush-placeholder-aspect-ratio: 1200\/800;width: 1200px;\" data-src=\"https:\/\/fiat600light.com.ar\/wp-content\/uploads\/2025\/12\/DSC_4046.jpg\" alt=\"\" data-srcset=\"https:\/\/fiat600light.com.ar\/wp-content\/uploads\/2025\/12\/DSC_4046.jpg 1280w, https:\/\/fiat600light.com.ar\/wp-content\/uploads\/2025\/12\/DSC_4046-300x200.jpg 300w, https:\/\/fiat600light.com.ar\/wp-content\/uploads\/2025\/12\/DSC_4046-1024x682.jpg 1024w, https:\/\/fiat600light.com.ar\/wp-content\/uploads\/2025\/12\/DSC_4046-768x512.jpg 768w\" data-sizes=\"auto, (max-width: 1200px) 100vw, 1200px\" src=\"data:image\/svg+xml;base64,PHN2ZyB3aWR0aD0iMSIgaGVpZ2h0PSIxIiB4bWxucz0iaHR0cDovL3d3dy53My5vcmcvMjAwMC9zdmciPjwvc3ZnPg==\" \/><\/p>\n\n\n\n<p>El gran cambio vino el domingo. \u201cAnalizamos las c\u00e1maras on-board con Jos\u00e9, Goyo y Eze Monteiro, a quienes les agradezco de coraz\u00f3n, y eso fue clave\u201d, destac\u00f3.<\/p>\n\n\n\n<p>Y eso se evidenci\u00f3 en pista. \u201cLargu\u00e9 la primera final \u2013cont\u00f3- con dudas sobre si podr\u00edamos mantenernos en el Top 3 de la Copa de Plata, pero en carrera apareci\u00f3 el ritmo que esper\u00e1bamos. Aprovechamos las situaciones, metimos lindas maniobras y avanzamos hasta el P13, asegurando ese tercer lugar en la Copa\u201d.<\/p>\n\n\n\n<p>Y continu\u00f3: \u201cPara la segunda final, volvimos a pulir detalles viendo las c\u00e1maras y dimos otro salto de calidad. Fue una carrera con peleas incre\u00edbles, siempre al l\u00edmite, pero con respeto, y logramos cerrar el finde nuevamente dentro del Top 10\u201d.<\/p>\n\n\n\n<p>\u201cNos volvimos muy contentos y completamente felices con ambos resultados obtenidos, ya que reci\u00e9n es mi primer a\u00f1o completo dentro de la categor\u00eda\u201d, remarc\u00f3 G\u00fcernos y agreg\u00f3: \u201cNada de esto hubiera sido posible sin el Morelli Competici\u00f3n, que me entreg\u00f3 un misil. Agradecido a Jos\u00e9 por la calma en la radio, los consejos y darlo todo por Yema, a mi familia que siempre est\u00e1 firme y, por supuesto, a mis sponsors que siguen confiando en este proyecto\u201d.<\/p>\n\n\n\n<p>\u201cRespecto a Buenos Aires, esta vez no vamos a estar en pista, pero voy a ir a acompa\u00f1ar y disfrutar del espect\u00e1culo que siempre brinda la Fiat 600 Light\u201d, adelant\u00f3.<\/p>\n","protected":false},"excerpt":{"rendered":"<p>\u201c\u00a1La fecha pasada fue extremadamente positiva!\u201d, exclam\u00f3 Mat\u00edas G\u00fcernos en referencia a la novena presentaci\u00f3n del a\u00f1o que se disput\u00f3 en La Plata. \u201cEl viernes-explic\u00f3- la lluvia nos impidi\u00f3 probar, [&hellip;]<\/p>\n","protected":false},"author":2,"featured_media":14105,"comment_status":"open","ping_status":"open","sticky":false,"template":"","format":"standard","meta":{"ngg_post_thumbnail":0,"footnotes":""},"categories":[14],"tags":[],"class_list":["post-14125","post","type-post","status-publish","format-standard","has-post-thumbnail","hentry","category-noticias"],"blocksy_meta":[],"_links":{"self":[{"href":"https:\/\/fiat600light.com.ar\/index.php\/wp-json\/wp\/v2\/posts\/14125","targetHints":{"allow":["GET"]}}],"collection":[{"href":"https:\/\/fiat600light.com.ar\/index.php\/wp-json\/wp\/v2\/posts"}],"about":[{"href":"https:\/\/fiat600light.com.ar\/index.php\/wp-json\/wp\/v2\/types\/post"}],"author":[{"embeddable":true,"href":"https:\/\/fiat600light.com.ar\/index.php\/wp-json\/wp\/v2\/users\/2"}],"replies":[{"embeddable":true,"href":"https:\/\/fiat600light.com.ar\/index.php\/wp-json\/wp\/v2\/comments?post=14125"}],"version-history":[{"count":2,"href":"https:\/\/fiat600light.com.ar\/index.php\/wp-json\/wp\/v2\/posts\/14125\/revisions"}],"predecessor-version":[{"id":14133,"href":"https:\/\/fiat600light.com.ar\/index.php\/wp-json\/wp\/v2\/posts\/14125\/revisions\/14133"}],"wp:featuredmedia":[{"embeddable":true,"href":"https:\/\/fiat600light.com.ar\/index.php\/wp-json\/wp\/v2\/media\/14105"}],"wp:attachment":[{"href":"https:\/\/fiat600light.com.ar\/index.php\/wp-json\/wp\/v2\/media?parent=14125"}],"wp:term":[{"taxonomy":"category","embeddable":true,"href":"https:\/\/fiat600light.com.ar\/index.php\/wp-json\/wp\/v2\/categories?post=14125"},{"taxonomy":"post_tag","embeddable":true,"href":"https:\/\/fiat600light.com.ar\/index.php\/wp-json\/wp\/v2\/tags?post=14125"}],"curies":[{"name":"wp","href":"https:\/\/api.w.org\/{rel}","templated":true}]}}