{"id":14127,"date":"2025-12-11T12:45:14","date_gmt":"2025-12-11T12:45:14","guid":{"rendered":"https:\/\/fiat600light.com.ar\/?p=14127"},"modified":"2025-12-11T12:45:16","modified_gmt":"2025-12-11T12:45:16","slug":"vaccaro-balance-positivo","status":"publish","type":"post","link":"https:\/\/fiat600light.com.ar\/index.php\/2025\/12\/11\/vaccaro-balance-positivo\/","title":{"rendered":"VACCARO: BALANCE POSITIVO"},"content":{"rendered":"\n<p>Luego de la novena fecha en La Plata, Mauro Vaccaro asegur\u00f3 que tuvo \u00abun balance positivo\u00bb.<br>\u00abEn la primera final el auto se mostr\u00f3 competitivo y con buen ritmo\u00bb, asegur\u00f3 y agreg\u00f3: \u00abEn la segunda final se me trab\u00f3 la caja en 4ta velocidad en la largada y tuve que correr as\u00ed toda la final\u00bb.<img decoding=\"async\" width=\"1200\" height=\"800\" class=\"wp-image-14100 lazyload\" style=\"--smush-placeholder-width: 1200px; --smush-placeholder-aspect-ratio: 1200\/800;width: 1200px;\" data-src=\"https:\/\/fiat600light.com.ar\/wp-content\/uploads\/2025\/12\/DSC_6210.jpg\" alt=\"\" data-srcset=\"https:\/\/fiat600light.com.ar\/wp-content\/uploads\/2025\/12\/DSC_6210.jpg 1280w, https:\/\/fiat600light.com.ar\/wp-content\/uploads\/2025\/12\/DSC_6210-300x200.jpg 300w, https:\/\/fiat600light.com.ar\/wp-content\/uploads\/2025\/12\/DSC_6210-1024x682.jpg 1024w, https:\/\/fiat600light.com.ar\/wp-content\/uploads\/2025\/12\/DSC_6210-768x512.jpg 768w\" data-sizes=\"auto, (max-width: 1200px) 100vw, 1200px\" src=\"data:image\/svg+xml;base64,PHN2ZyB3aWR0aD0iMSIgaGVpZ2h0PSIxIiB4bWxucz0iaHR0cDovL3d3dy53My5vcmcvMjAwMC9zdmciPjwvc3ZnPg==\" \/><br>Con la mira puesta en el \u00faltimo fin de semana del a\u00f1o, Vaccaro cont\u00f3: \u00abPara Buenos Aires estamos laburando en un repaso general del auto. Y tratar de buscar ese plus de velocidad que nos falta al final de la recta\u00bb.<\/p>\n\n\n\n<p>\u00abEs la \u00faltima fecha y nada menos que en la Catedral Porte\u00f1a que me gusta mucho\u00bb, concluy\u00f3.<\/p>\n","protected":false},"excerpt":{"rendered":"<p>Luego de la novena fecha en La Plata, Mauro Vaccaro asegur\u00f3 que tuvo \u00abun balance positivo\u00bb.\u00abEn la primera final el auto se mostr\u00f3 competitivo y con buen ritmo\u00bb, asegur\u00f3 y [&hellip;]<\/p>\n","protected":false},"author":2,"featured_media":14106,"comment_status":"open","ping_status":"open","sticky":false,"template":"","format":"standard","meta":{"ngg_post_thumbnail":0,"footnotes":""},"categories":[14],"tags":[],"class_list":["post-14127","post","type-post","status-publish","format-standard","has-post-thumbnail","hentry","category-noticias"],"blocksy_meta":[],"_links":{"self":[{"href":"https:\/\/fiat600light.com.ar\/index.php\/wp-json\/wp\/v2\/posts\/14127","targetHints":{"allow":["GET"]}}],"collection":[{"href":"https:\/\/fiat600light.com.ar\/index.php\/wp-json\/wp\/v2\/posts"}],"about":[{"href":"https:\/\/fiat600light.com.ar\/index.php\/wp-json\/wp\/v2\/types\/post"}],"author":[{"embeddable":true,"href":"https:\/\/fiat600light.com.ar\/index.php\/wp-json\/wp\/v2\/users\/2"}],"replies":[{"embeddable":true,"href":"https:\/\/fiat600light.com.ar\/index.php\/wp-json\/wp\/v2\/comments?post=14127"}],"version-history":[{"count":1,"href":"https:\/\/fiat600light.com.ar\/index.php\/wp-json\/wp\/v2\/posts\/14127\/revisions"}],"predecessor-version":[{"id":14128,"href":"https:\/\/fiat600light.com.ar\/index.php\/wp-json\/wp\/v2\/posts\/14127\/revisions\/14128"}],"wp:featuredmedia":[{"embeddable":true,"href":"https:\/\/fiat600light.com.ar\/index.php\/wp-json\/wp\/v2\/media\/14106"}],"wp:attachment":[{"href":"https:\/\/fiat600light.com.ar\/index.php\/wp-json\/wp\/v2\/media?parent=14127"}],"wp:term":[{"taxonomy":"category","embeddable":true,"href":"https:\/\/fiat600light.com.ar\/index.php\/wp-json\/wp\/v2\/categories?post=14127"},{"taxonomy":"post_tag","embeddable":true,"href":"https:\/\/fiat600light.com.ar\/index.php\/wp-json\/wp\/v2\/tags?post=14127"}],"curies":[{"name":"wp","href":"https:\/\/api.w.org\/{rel}","templated":true}]}}