{"id":17155,"date":"2026-09-01T00:46:17","date_gmt":"2026-09-01T00:46:17","guid":{"rendered":"https:\/\/fiat600light.com.ar\/?p=17155"},"modified":"2026-09-01T00:46:18","modified_gmt":"2026-09-01T00:46:18","slug":"un-finde-positivo","status":"publish","type":"post","link":"https:\/\/fiat600light.com.ar\/index.php\/2026\/09\/01\/un-finde-positivo\/","title":{"rendered":"UN FINDE POSITIVO"},"content":{"rendered":"\n<p class=\"wp-block-paragraph\">\u00abLo arrancamos mal pero lo terminamos bien\u00bb. Con esta frase, Mauro Vaccaro resumi\u00f3 la sexta fecha del a\u00f1o, que se llev\u00f3 a cabo en el aut\u00f3dromo de La Plata con pilotos invitados.<\/p>\n\n\n\n<p class=\"wp-block-paragraph\">\u00abLa clasificaci\u00f3n fue un poco at\u00edpica ya que estaba la pista h\u00fameda y decidimos salir con esa configuraci\u00f3n y nos equivocamos\u00bb, admiti\u00f3 el titular del MV Racing.<img decoding=\"async\" width=\"1200\" height=\"800\" class=\"wp-image-17151 lazyload\" style=\"--smush-placeholder-width: 1200px; --smush-placeholder-aspect-ratio: 1200\/800;width: 1200px;\" data-src=\"https:\/\/fiat600light.com.ar\/wp-content\/uploads\/2026\/09\/DSC_9816.jpg\" alt=\"\" data-srcset=\"https:\/\/fiat600light.com.ar\/wp-content\/uploads\/2026\/09\/DSC_9816.jpg 1280w, https:\/\/fiat600light.com.ar\/wp-content\/uploads\/2026\/09\/DSC_9816-300x200.jpg 300w, https:\/\/fiat600light.com.ar\/wp-content\/uploads\/2026\/09\/DSC_9816-1024x682.jpg 1024w, https:\/\/fiat600light.com.ar\/wp-content\/uploads\/2026\/09\/DSC_9816-768x512.jpg 768w\" data-sizes=\"auto, (max-width: 1200px) 100vw, 1200px\" src=\"data:image\/svg+xml;base64,PHN2ZyB3aWR0aD0iMSIgaGVpZ2h0PSIxIiB4bWxucz0iaHR0cDovL3d3dy53My5vcmcvMjAwMC9zdmciPjwvc3ZnPg==\" \/><\/p>\n\n\n\n<p class=\"wp-block-paragraph\">\u00abPara la primera final del d\u00eda s\u00e1bado -cont\u00f3- decidimos hacer un cambio y al auto le cay\u00f3 muy bien pudiendo llegar 8vo entre los titulares\u00bb.<\/p>\n\n\n\n<p class=\"wp-block-paragraph\">Adem\u00e1s destac\u00f3: \u00abEl domingo en la 2da final mi piloto invitado, Mat\u00edas Coria, hizo una gran carrera defendi\u00e9ndose como pudo con la falta de potencia en el motor llegando en el 7mo lugar\u00bb.<\/p>\n\n\n\n<p class=\"wp-block-paragraph\">\u00abEstamos elaborando con todo en mejorar el motor de cara a la pr\u00f3xima fecha\u00bb, adelant\u00f3 Vaccaro, con la mente puesta en la segunda mitad del campeonato.<\/p>\n","protected":false},"excerpt":{"rendered":"<p>\u00abLo arrancamos mal pero lo terminamos bien\u00bb. Con esta frase, Mauro Vaccaro resumi\u00f3 la sexta fecha del a\u00f1o, que se llev\u00f3 a cabo en el aut\u00f3dromo de La Plata con [&hellip;]<\/p>\n","protected":false},"author":2,"featured_media":17147,"comment_status":"open","ping_status":"open","sticky":false,"template":"","format":"standard","meta":{"ngg_post_thumbnail":0,"footnotes":""},"categories":[14],"tags":[],"class_list":["post-17155","post","type-post","status-publish","format-standard","has-post-thumbnail","hentry","category-noticias"],"blocksy_meta":{"styles_descriptor":{"styles":{"desktop":"","tablet":"","mobile":""},"google_fonts":[],"version":7}},"_links":{"self":[{"href":"https:\/\/fiat600light.com.ar\/index.php\/wp-json\/wp\/v2\/posts\/17155","targetHints":{"allow":["GET"]}}],"collection":[{"href":"https:\/\/fiat600light.com.ar\/index.php\/wp-json\/wp\/v2\/posts"}],"about":[{"href":"https:\/\/fiat600light.com.ar\/index.php\/wp-json\/wp\/v2\/types\/post"}],"author":[{"embeddable":true,"href":"https:\/\/fiat600light.com.ar\/index.php\/wp-json\/wp\/v2\/users\/2"}],"replies":[{"embeddable":true,"href":"https:\/\/fiat600light.com.ar\/index.php\/wp-json\/wp\/v2\/comments?post=17155"}],"version-history":[{"count":1,"href":"https:\/\/fiat600light.com.ar\/index.php\/wp-json\/wp\/v2\/posts\/17155\/revisions"}],"predecessor-version":[{"id":17156,"href":"https:\/\/fiat600light.com.ar\/index.php\/wp-json\/wp\/v2\/posts\/17155\/revisions\/17156"}],"wp:featuredmedia":[{"embeddable":true,"href":"https:\/\/fiat600light.com.ar\/index.php\/wp-json\/wp\/v2\/media\/17147"}],"wp:attachment":[{"href":"https:\/\/fiat600light.com.ar\/index.php\/wp-json\/wp\/v2\/media?parent=17155"}],"wp:term":[{"taxonomy":"category","embeddable":true,"href":"https:\/\/fiat600light.com.ar\/index.php\/wp-json\/wp\/v2\/categories?post=17155"},{"taxonomy":"post_tag","embeddable":true,"href":"https:\/\/fiat600light.com.ar\/index.php\/wp-json\/wp\/v2\/tags?post=17155"}],"curies":[{"name":"wp","href":"https:\/\/api.w.org\/{rel}","templated":true}]}}