{"id":17157,"date":"2026-09-01T00:47:34","date_gmt":"2026-09-01T00:47:34","guid":{"rendered":"https:\/\/fiat600light.com.ar\/?p=17157"},"modified":"2026-09-01T00:47:35","modified_gmt":"2026-09-01T00:47:35","slug":"vamos-con-mente-positiva","status":"publish","type":"post","link":"https:\/\/fiat600light.com.ar\/index.php\/2026\/09\/01\/vamos-con-mente-positiva\/","title":{"rendered":"\u00abVAMOS CON MENTE POSITIVA\u00bb"},"content":{"rendered":"\n<p class=\"wp-block-paragraph\">La sexta fecha le dej\u00f3 un sabor amargo a Ezequiel Monteiro, quien s\u00f3lo pudo terminar la segunda final en puesto 11.<br><a>@eze_monteiro<\/a><br>\u00abEl fin de semana fue bastante complicado\u00bb, admiti\u00f3 el piloto de Mataderos, aunque destac\u00f3: \u00abParcialmente venimos muy bien, venimos r\u00e1pidos porque a la hora de clasificar venimos perfilando entre los tres primeros, pero en carrera estoy teniendo mucha mala suerte\u00bb.<img decoding=\"async\" width=\"1200\" height=\"800\" class=\"wp-image-17148 lazyload\" style=\"--smush-placeholder-width: 1200px; --smush-placeholder-aspect-ratio: 1200\/800;width: 1200px;\" data-src=\"https:\/\/fiat600light.com.ar\/wp-content\/uploads\/2026\/09\/DSC_9801.jpg\" alt=\"\" data-srcset=\"https:\/\/fiat600light.com.ar\/wp-content\/uploads\/2026\/09\/DSC_9801.jpg 1280w, https:\/\/fiat600light.com.ar\/wp-content\/uploads\/2026\/09\/DSC_9801-300x200.jpg 300w, https:\/\/fiat600light.com.ar\/wp-content\/uploads\/2026\/09\/DSC_9801-1024x682.jpg 1024w, https:\/\/fiat600light.com.ar\/wp-content\/uploads\/2026\/09\/DSC_9801-768x512.jpg 768w\" data-sizes=\"auto, (max-width: 1200px) 100vw, 1200px\" src=\"data:image\/svg+xml;base64,PHN2ZyB3aWR0aD0iMSIgaGVpZ2h0PSIxIiB4bWxucz0iaHR0cDovL3d3dy53My5vcmcvMjAwMC9zdmciPjwvc3ZnPg==\" \/><\/p>\n\n\n\n<p class=\"wp-block-paragraph\">En ese sentido, se explay\u00f3: \u00abSe rompen cosas ins\u00f3litas, definitivamente este no es mi a\u00f1o y no podemos plasmar esos resultados de clasificaci\u00f3n, en carrera\u00bb.<\/p>\n\n\n\n<p class=\"wp-block-paragraph\">\u00abIgualmente -afirm\u00f3- siempre tratamos de hacer lo mejor posible y sumar puntos gordos\u00bb.<\/p>\n\n\n\n<p class=\"wp-block-paragraph\">\u00abEspero que pronto salgamos de esta mala racha porque ponemos mucho y cuesta\u00bb, asegur\u00f3 Monteiro.<\/p>\n\n\n\n<p class=\"wp-block-paragraph\">\u00abAgradecido a Nico Bracamonte que le mete a morir al auto y la verdad que peg\u00f3 ese saltito que le faltaba; a Piripi Motores que me entrega un misil y siempre esta al pie del ca\u00f1\u00f3n, a mi viejo que lo pone todo, a toda mi familia que me acompa\u00f1a, a los amigos y a todos los sponsors que me dan una mano para que yo est\u00e9 arriba de un auto de carrera\u00bb, declar\u00f3.<\/p>\n\n\n\n<p class=\"wp-block-paragraph\">Por otro lado, adelant\u00f3: \u00abVamos a la s\u00e9ptima fecha con mente positiva tratando de cambiar la mentalidad y de sumar hasta el final del campeonato a ver adonde nos posicionamos\u00bb.<\/p>\n","protected":false},"excerpt":{"rendered":"<p>La sexta fecha le dej\u00f3 un sabor amargo a Ezequiel Monteiro, quien s\u00f3lo pudo terminar la segunda final en puesto 11.@eze_monteiro\u00abEl fin de semana fue bastante complicado\u00bb, admiti\u00f3 el piloto [&hellip;]<\/p>\n","protected":false},"author":2,"featured_media":17145,"comment_status":"open","ping_status":"open","sticky":false,"template":"","format":"standard","meta":{"ngg_post_thumbnail":0,"footnotes":""},"categories":[14],"tags":[],"class_list":["post-17157","post","type-post","status-publish","format-standard","has-post-thumbnail","hentry","category-noticias"],"blocksy_meta":{"styles_descriptor":{"styles":{"desktop":"","tablet":"","mobile":""},"google_fonts":[],"version":7}},"_links":{"self":[{"href":"https:\/\/fiat600light.com.ar\/index.php\/wp-json\/wp\/v2\/posts\/17157","targetHints":{"allow":["GET"]}}],"collection":[{"href":"https:\/\/fiat600light.com.ar\/index.php\/wp-json\/wp\/v2\/posts"}],"about":[{"href":"https:\/\/fiat600light.com.ar\/index.php\/wp-json\/wp\/v2\/types\/post"}],"author":[{"embeddable":true,"href":"https:\/\/fiat600light.com.ar\/index.php\/wp-json\/wp\/v2\/users\/2"}],"replies":[{"embeddable":true,"href":"https:\/\/fiat600light.com.ar\/index.php\/wp-json\/wp\/v2\/comments?post=17157"}],"version-history":[{"count":1,"href":"https:\/\/fiat600light.com.ar\/index.php\/wp-json\/wp\/v2\/posts\/17157\/revisions"}],"predecessor-version":[{"id":17158,"href":"https:\/\/fiat600light.com.ar\/index.php\/wp-json\/wp\/v2\/posts\/17157\/revisions\/17158"}],"wp:featuredmedia":[{"embeddable":true,"href":"https:\/\/fiat600light.com.ar\/index.php\/wp-json\/wp\/v2\/media\/17145"}],"wp:attachment":[{"href":"https:\/\/fiat600light.com.ar\/index.php\/wp-json\/wp\/v2\/media?parent=17157"}],"wp:term":[{"taxonomy":"category","embeddable":true,"href":"https:\/\/fiat600light.com.ar\/index.php\/wp-json\/wp\/v2\/categories?post=17157"},{"taxonomy":"post_tag","embeddable":true,"href":"https:\/\/fiat600light.com.ar\/index.php\/wp-json\/wp\/v2\/tags?post=17157"}],"curies":[{"name":"wp","href":"https:\/\/api.w.org\/{rel}","templated":true}]}}