{"id":17163,"date":"2026-09-01T00:53:46","date_gmt":"2026-09-01T00:53:46","guid":{"rendered":"https:\/\/fiat600light.com.ar\/?p=17163"},"modified":"2026-09-01T00:53:47","modified_gmt":"2026-09-01T00:53:47","slug":"en-busca-de-la-revancha","status":"publish","type":"post","link":"https:\/\/fiat600light.com.ar\/index.php\/2026\/09\/01\/en-busca-de-la-revancha\/","title":{"rendered":"EN BUSCA DE LA REVANCHA"},"content":{"rendered":"\n<p class=\"wp-block-paragraph\">Rodrigo Torres sabe que tiene un auto para pelear adelante y, aunque la fecha anterior le jug\u00f3 una mala pasada, buscar\u00e1 revertirlo el 5 y 6 de septiembre en el Mouras de La Plata.<\/p>\n\n\n\n<p class=\"wp-block-paragraph\">\u00abFue una fecha complicada. No tuvimos suerte\u00bb, cont\u00f3 el piloto del Tala Motores y explic\u00f3: \u00abEn la clasificaci\u00f3n no pudimos cerrar una buena vuelta y quedamos 11\u00b0. En la final del s\u00e1bado se rompi\u00f3 la segunda en la largada, pudimos seguir pero quedando casi \u00faltimos y debido a una falla que ten\u00eda el auto no pudimos avanzar. Se repar\u00f3 la caja, pero el domingo antes de engrillar se trab\u00f3 y no nos dej\u00f3 largar\u00bb.<img decoding=\"async\" width=\"1200\" height=\"800\" class=\"wp-image-17143 lazyload\" style=\"--smush-placeholder-width: 1200px; --smush-placeholder-aspect-ratio: 1200\/800;width: 1200px;\" data-src=\"https:\/\/fiat600light.com.ar\/wp-content\/uploads\/2026\/09\/DSC_0015.jpg\" alt=\"\" data-srcset=\"https:\/\/fiat600light.com.ar\/wp-content\/uploads\/2026\/09\/DSC_0015.jpg 1280w, https:\/\/fiat600light.com.ar\/wp-content\/uploads\/2026\/09\/DSC_0015-300x200.jpg 300w, https:\/\/fiat600light.com.ar\/wp-content\/uploads\/2026\/09\/DSC_0015-1024x682.jpg 1024w, https:\/\/fiat600light.com.ar\/wp-content\/uploads\/2026\/09\/DSC_0015-768x512.jpg 768w\" data-sizes=\"auto, (max-width: 1200px) 100vw, 1200px\" src=\"data:image\/svg+xml;base64,PHN2ZyB3aWR0aD0iMSIgaGVpZ2h0PSIxIiB4bWxucz0iaHR0cDovL3d3dy53My5vcmcvMjAwMC9zdmciPjwvc3ZnPg==\" \/><\/p>\n\n\n\n<p class=\"wp-block-paragraph\">\u00abUna lastima -se lament\u00f3- porque volvimos a tener un auto contundente para estar entre los de adelante pero los fierros son as\u00ed\u00bb.<\/p>\n\n\n\n<p class=\"wp-block-paragraph\">Sin embargo, asegur\u00f3: \u00abYa estamos con la cabeza a pleno para la fecha de septiembre en busca de revancha\u00bb.<\/p>\n","protected":false},"excerpt":{"rendered":"<p>Rodrigo Torres sabe que tiene un auto para pelear adelante y, aunque la fecha anterior le jug\u00f3 una mala pasada, buscar\u00e1 revertirlo el 5 y 6 de septiembre en el [&hellip;]<\/p>\n","protected":false},"author":2,"featured_media":17142,"comment_status":"open","ping_status":"open","sticky":false,"template":"","format":"standard","meta":{"ngg_post_thumbnail":0,"footnotes":""},"categories":[14],"tags":[],"class_list":["post-17163","post","type-post","status-publish","format-standard","has-post-thumbnail","hentry","category-noticias"],"blocksy_meta":{"styles_descriptor":{"styles":{"desktop":"","tablet":"","mobile":""},"google_fonts":[],"version":7}},"_links":{"self":[{"href":"https:\/\/fiat600light.com.ar\/index.php\/wp-json\/wp\/v2\/posts\/17163","targetHints":{"allow":["GET"]}}],"collection":[{"href":"https:\/\/fiat600light.com.ar\/index.php\/wp-json\/wp\/v2\/posts"}],"about":[{"href":"https:\/\/fiat600light.com.ar\/index.php\/wp-json\/wp\/v2\/types\/post"}],"author":[{"embeddable":true,"href":"https:\/\/fiat600light.com.ar\/index.php\/wp-json\/wp\/v2\/users\/2"}],"replies":[{"embeddable":true,"href":"https:\/\/fiat600light.com.ar\/index.php\/wp-json\/wp\/v2\/comments?post=17163"}],"version-history":[{"count":1,"href":"https:\/\/fiat600light.com.ar\/index.php\/wp-json\/wp\/v2\/posts\/17163\/revisions"}],"predecessor-version":[{"id":17164,"href":"https:\/\/fiat600light.com.ar\/index.php\/wp-json\/wp\/v2\/posts\/17163\/revisions\/17164"}],"wp:featuredmedia":[{"embeddable":true,"href":"https:\/\/fiat600light.com.ar\/index.php\/wp-json\/wp\/v2\/media\/17142"}],"wp:attachment":[{"href":"https:\/\/fiat600light.com.ar\/index.php\/wp-json\/wp\/v2\/media?parent=17163"}],"wp:term":[{"taxonomy":"category","embeddable":true,"href":"https:\/\/fiat600light.com.ar\/index.php\/wp-json\/wp\/v2\/categories?post=17163"},{"taxonomy":"post_tag","embeddable":true,"href":"https:\/\/fiat600light.com.ar\/index.php\/wp-json\/wp\/v2\/tags?post=17163"}],"curies":[{"name":"wp","href":"https:\/\/api.w.org\/{rel}","templated":true}]}}