{"id":17165,"date":"2026-09-01T00:54:54","date_gmt":"2026-09-01T00:54:54","guid":{"rendered":"https:\/\/fiat600light.com.ar\/?p=17165"},"modified":"2026-09-01T00:54:54","modified_gmt":"2026-09-01T00:54:54","slug":"vamos-con-todo-a-la-7ma-del-ano","status":"publish","type":"post","link":"https:\/\/fiat600light.com.ar\/index.php\/2026\/09\/01\/vamos-con-todo-a-la-7ma-del-ano\/","title":{"rendered":"\u00abVAMOS CON TODO A LA 7ma DEL A\u00d1O\u00bb"},"content":{"rendered":"\n<p class=\"wp-block-paragraph\">Fecha tras fecha, Carlos Tocci aprovecha para capitalizar la experiencia y seguir progresando de la categor\u00eda de la mano del Bracamonte Competici\u00f3n. Y la sexta cita del a\u00f1o no fue la excepci\u00f3n en el Mouras de La Plata.<\/p>\n\n\n\n<p class=\"wp-block-paragraph\">\u00abEn la \u00faltima fecha pudimos aprovechar los cambios realizados en los frenos y en el motor. El rendimiento del auto fue muy bueno y en alguna parte de la carrera con muy buen ritmo\u00bb, destac\u00f3.<\/p>\n\n\n\n<p class=\"wp-block-paragraph\">Sin embargo, admiti\u00f3: \u00abTengo que seguir trabajando en mi desempe\u00f1o, dado que \u201cmet\u00ed la pata\u201d un par de veces. En la primera no vi el sem\u00e1foro en la largada y qued\u00e9 ultimo\u00bb.<img decoding=\"async\" width=\"1200\" height=\"800\" class=\"wp-image-17149 lazyload\" style=\"--smush-placeholder-width: 1200px; --smush-placeholder-aspect-ratio: 1200\/800;width: 1200px;\" data-src=\"https:\/\/fiat600light.com.ar\/wp-content\/uploads\/2026\/09\/DSC_9810.jpg\" alt=\"\" data-srcset=\"https:\/\/fiat600light.com.ar\/wp-content\/uploads\/2026\/09\/DSC_9810.jpg 1280w, https:\/\/fiat600light.com.ar\/wp-content\/uploads\/2026\/09\/DSC_9810-300x200.jpg 300w, https:\/\/fiat600light.com.ar\/wp-content\/uploads\/2026\/09\/DSC_9810-1024x682.jpg 1024w, https:\/\/fiat600light.com.ar\/wp-content\/uploads\/2026\/09\/DSC_9810-768x512.jpg 768w\" data-sizes=\"auto, (max-width: 1200px) 100vw, 1200px\" src=\"data:image\/svg+xml;base64,PHN2ZyB3aWR0aD0iMSIgaGVpZ2h0PSIxIiB4bWxucz0iaHR0cDovL3d3dy53My5vcmcvMjAwMC9zdmciPjwvc3ZnPg==\" \/><\/p>\n\n\n\n<p class=\"wp-block-paragraph\">\u00abEn la segunda -cont\u00f3- pis\u00e9 el refrigerante que dej\u00f3 otro auto, entr\u00e9 en trompo y qued\u00e9 retrasado fuera del top ten. \u00a1Que amargura!\u00bb<\/p>\n\n\n\n<p class=\"wp-block-paragraph\">\u00abDe todas maneras, el finde para el equipo fue muy bueno y eso es una buena noticia\u00bb, prioriz\u00f3 Tocci y exclam\u00f3: \u00ab\u00a1Vamos con todo a la 7ma del a\u00f1o!\u00bb.<\/p>\n\n\n\n<p class=\"wp-block-paragraph\">\u00bfCu\u00e1ndo? El 5 y 6 de septiembre en el aut\u00f3dromo Roberto Mouras de La Plata.<\/p>\n","protected":false},"excerpt":{"rendered":"<p>Fecha tras fecha, Carlos Tocci aprovecha para capitalizar la experiencia y seguir progresando de la categor\u00eda de la mano del Bracamonte Competici\u00f3n. Y la sexta cita del a\u00f1o no fue [&hellip;]<\/p>\n","protected":false},"author":2,"featured_media":17144,"comment_status":"open","ping_status":"open","sticky":false,"template":"","format":"standard","meta":{"ngg_post_thumbnail":0,"footnotes":""},"categories":[14],"tags":[],"class_list":["post-17165","post","type-post","status-publish","format-standard","has-post-thumbnail","hentry","category-noticias"],"blocksy_meta":{"styles_descriptor":{"styles":{"desktop":"","tablet":"","mobile":""},"google_fonts":[],"version":7}},"_links":{"self":[{"href":"https:\/\/fiat600light.com.ar\/index.php\/wp-json\/wp\/v2\/posts\/17165","targetHints":{"allow":["GET"]}}],"collection":[{"href":"https:\/\/fiat600light.com.ar\/index.php\/wp-json\/wp\/v2\/posts"}],"about":[{"href":"https:\/\/fiat600light.com.ar\/index.php\/wp-json\/wp\/v2\/types\/post"}],"author":[{"embeddable":true,"href":"https:\/\/fiat600light.com.ar\/index.php\/wp-json\/wp\/v2\/users\/2"}],"replies":[{"embeddable":true,"href":"https:\/\/fiat600light.com.ar\/index.php\/wp-json\/wp\/v2\/comments?post=17165"}],"version-history":[{"count":1,"href":"https:\/\/fiat600light.com.ar\/index.php\/wp-json\/wp\/v2\/posts\/17165\/revisions"}],"predecessor-version":[{"id":17166,"href":"https:\/\/fiat600light.com.ar\/index.php\/wp-json\/wp\/v2\/posts\/17165\/revisions\/17166"}],"wp:featuredmedia":[{"embeddable":true,"href":"https:\/\/fiat600light.com.ar\/index.php\/wp-json\/wp\/v2\/media\/17144"}],"wp:attachment":[{"href":"https:\/\/fiat600light.com.ar\/index.php\/wp-json\/wp\/v2\/media?parent=17165"}],"wp:term":[{"taxonomy":"category","embeddable":true,"href":"https:\/\/fiat600light.com.ar\/index.php\/wp-json\/wp\/v2\/categories?post=17165"},{"taxonomy":"post_tag","embeddable":true,"href":"https:\/\/fiat600light.com.ar\/index.php\/wp-json\/wp\/v2\/tags?post=17165"}],"curies":[{"name":"wp","href":"https:\/\/api.w.org\/{rel}","templated":true}]}}