{"id":17175,"date":"2026-09-01T00:58:00","date_gmt":"2026-09-01T00:58:00","guid":{"rendered":"https:\/\/fiat600light.com.ar\/?p=17175"},"modified":"2026-09-01T00:58:01","modified_gmt":"2026-09-01T00:58:01","slug":"fue-una-fecha-muy-emocionante","status":"publish","type":"post","link":"https:\/\/fiat600light.com.ar\/index.php\/2026\/09\/01\/fue-una-fecha-muy-emocionante\/","title":{"rendered":"\u00abFUE UNA FECHA MUY EMOCIONANTE\u00bb"},"content":{"rendered":"\n<p class=\"wp-block-paragraph\">\u00abLa \u00faltima fecha fue distinta desde el arranque\u00bb, asegur\u00f3 Mat\u00edas G\u00fcernos, que volvi\u00f3 a meterse en el top ten de la categor\u00eda, en el Mouras de La Plata.<\/p>\n\n\n\n<p class=\"wp-block-paragraph\">\u00abEl cronograma fue diferente al que estamos acostumbrados, pero desde el viernes estuvimos girando en muy buenos tiempos y eso se reflej\u00f3 en la clasificaci\u00f3n del d\u00eda sabado\u00bb, asegur\u00f3.<img decoding=\"async\" width=\"1200\" height=\"800\" class=\"wp-image-17170 lazyload\" style=\"--smush-placeholder-width: 1200px; --smush-placeholder-aspect-ratio: 1200\/800;width: 1200px;\" data-src=\"https:\/\/fiat600light.com.ar\/wp-content\/uploads\/2026\/09\/DSC_7729.jpg\" alt=\"\" data-srcset=\"https:\/\/fiat600light.com.ar\/wp-content\/uploads\/2026\/09\/DSC_7729.jpg 1280w, https:\/\/fiat600light.com.ar\/wp-content\/uploads\/2026\/09\/DSC_7729-300x200.jpg 300w, https:\/\/fiat600light.com.ar\/wp-content\/uploads\/2026\/09\/DSC_7729-1024x682.jpg 1024w, https:\/\/fiat600light.com.ar\/wp-content\/uploads\/2026\/09\/DSC_7729-768x512.jpg 768w\" data-sizes=\"auto, (max-width: 1200px) 100vw, 1200px\" src=\"data:image\/svg+xml;base64,PHN2ZyB3aWR0aD0iMSIgaGVpZ2h0PSIxIiB4bWxucz0iaHR0cDovL3d3dy53My5vcmcvMjAwMC9zdmciPjwvc3ZnPg==\" \/><\/p>\n\n\n\n<p class=\"wp-block-paragraph\">\u00abEn la primera final -cont\u00f3-, durante la vuelta previa, sent\u00ed algo raro en el auto al momento de acelerar. Frente a la duda prefer\u00ed meterme a boxes para que lo revisen antes de largar.<br>Tuvimos el infortunio de tener que largar desde ah\u00ed, pero aun as\u00ed, con un auto excelente y muy buen ritmo, pudimos remontar hasta meternos en el top 10 de nuevo. Eso fue muy emocionante\u00bb.<\/p>\n\n\n\n<p class=\"wp-block-paragraph\">Por otro lado, destac\u00f3 que \u00abel domingo fue especial porque era la carrera de invitados y hab\u00eda pilotos de muy buen nivel\u00bb. \u00ab<\/p>\n\n\n\n<p class=\"wp-block-paragraph\">La verdad que la disfrut\u00e9 mucho, el espect\u00e1culo que dimos con los chicos fue incre\u00edble, empuj\u00e1ndonos en recta, yendo de a dos o tres en las curvas. Fueron carreras para disfrutar\u00bb, afirm\u00f3<\/p>\n\n\n\n<p class=\"wp-block-paragraph\">\u00abQuiero aprovechar para agradecerle a todo Morelli Competici\u00f3n por el auto incre\u00edble que me dieron y por todo el trabajo que est\u00e1n haciendo para mantener esta actualidad que estamos viviendo. Tambi\u00e9n a todos mis sponsors que hacen esto posible y a mi familia y amigos por el apoyo incondicional de siempre\u00bb, concluy\u00f3 G\u00fcernos, confiado en poder aprovechar el potencial de su unidad en la s\u00e9ptima fecha del a\u00f1o, que set\u00e1 el 5 y 6 de septiembre en el trazado platense.<\/p>\n","protected":false},"excerpt":{"rendered":"<p>\u00abLa \u00faltima fecha fue distinta desde el arranque\u00bb, asegur\u00f3 Mat\u00edas G\u00fcernos, que volvi\u00f3 a meterse en el top ten de la categor\u00eda, en el Mouras de La Plata. \u00abEl cronograma [&hellip;]<\/p>\n","protected":false},"author":2,"featured_media":17173,"comment_status":"open","ping_status":"open","sticky":false,"template":"","format":"standard","meta":{"ngg_post_thumbnail":0,"footnotes":""},"categories":[14],"tags":[],"class_list":["post-17175","post","type-post","status-publish","format-standard","has-post-thumbnail","hentry","category-noticias"],"blocksy_meta":{"styles_descriptor":{"styles":{"desktop":"","tablet":"","mobile":""},"google_fonts":[],"version":7}},"_links":{"self":[{"href":"https:\/\/fiat600light.com.ar\/index.php\/wp-json\/wp\/v2\/posts\/17175","targetHints":{"allow":["GET"]}}],"collection":[{"href":"https:\/\/fiat600light.com.ar\/index.php\/wp-json\/wp\/v2\/posts"}],"about":[{"href":"https:\/\/fiat600light.com.ar\/index.php\/wp-json\/wp\/v2\/types\/post"}],"author":[{"embeddable":true,"href":"https:\/\/fiat600light.com.ar\/index.php\/wp-json\/wp\/v2\/users\/2"}],"replies":[{"embeddable":true,"href":"https:\/\/fiat600light.com.ar\/index.php\/wp-json\/wp\/v2\/comments?post=17175"}],"version-history":[{"count":1,"href":"https:\/\/fiat600light.com.ar\/index.php\/wp-json\/wp\/v2\/posts\/17175\/revisions"}],"predecessor-version":[{"id":17176,"href":"https:\/\/fiat600light.com.ar\/index.php\/wp-json\/wp\/v2\/posts\/17175\/revisions\/17176"}],"wp:featuredmedia":[{"embeddable":true,"href":"https:\/\/fiat600light.com.ar\/index.php\/wp-json\/wp\/v2\/media\/17173"}],"wp:attachment":[{"href":"https:\/\/fiat600light.com.ar\/index.php\/wp-json\/wp\/v2\/media?parent=17175"}],"wp:term":[{"taxonomy":"category","embeddable":true,"href":"https:\/\/fiat600light.com.ar\/index.php\/wp-json\/wp\/v2\/categories?post=17175"},{"taxonomy":"post_tag","embeddable":true,"href":"https:\/\/fiat600light.com.ar\/index.php\/wp-json\/wp\/v2\/tags?post=17175"}],"curies":[{"name":"wp","href":"https:\/\/api.w.org\/{rel}","templated":true}]}}