{"id":17177,"date":"2026-09-01T00:59:19","date_gmt":"2026-09-01T00:59:19","guid":{"rendered":"https:\/\/fiat600light.com.ar\/?p=17177"},"modified":"2026-09-01T00:59:19","modified_gmt":"2026-09-01T00:59:19","slug":"el-analisis-de-calvino","status":"publish","type":"post","link":"https:\/\/fiat600light.com.ar\/index.php\/2026\/09\/01\/el-analisis-de-calvino\/","title":{"rendered":"EL ANALISIS DE CALVI\u00d1O"},"content":{"rendered":"\n<p class=\"wp-block-paragraph\">\u00abEl ritmo del auto no est\u00e1 mal\u00bb, asegur\u00f3 Mat\u00edas Calvi\u00f1o, tras la sexta fecha del a\u00f1o en el Mouras de La Plara.<\/p>\n\n\n\n<p class=\"wp-block-paragraph\">\u00abFue un fin de semana desafortunado\u00bb, advirti\u00f3 y explic\u00f3: \u00abEn mi final, a mitad de curv\u00f3n, el auto se puso mal, me fui afuera y cuando volv\u00ed a la pista quede \u00faltimo. Empec\u00e9 a repuntar pero no se pod\u00eda m\u00e1s de lo que pudimos hacer\u00bb.<img decoding=\"async\" width=\"1200\" height=\"800\" class=\"wp-image-17172 lazyload\" style=\"--smush-placeholder-width: 1200px; --smush-placeholder-aspect-ratio: 1200\/800;width: 1200px;\" data-src=\"https:\/\/fiat600light.com.ar\/wp-content\/uploads\/2026\/09\/DSC_9807.jpg\" alt=\"\" data-srcset=\"https:\/\/fiat600light.com.ar\/wp-content\/uploads\/2026\/09\/DSC_9807.jpg 1280w, https:\/\/fiat600light.com.ar\/wp-content\/uploads\/2026\/09\/DSC_9807-300x200.jpg 300w, https:\/\/fiat600light.com.ar\/wp-content\/uploads\/2026\/09\/DSC_9807-1024x682.jpg 1024w, https:\/\/fiat600light.com.ar\/wp-content\/uploads\/2026\/09\/DSC_9807-768x512.jpg 768w\" data-sizes=\"auto, (max-width: 1200px) 100vw, 1200px\" src=\"data:image\/svg+xml;base64,PHN2ZyB3aWR0aD0iMSIgaGVpZ2h0PSIxIiB4bWxucz0iaHR0cDovL3d3dy53My5vcmcvMjAwMC9zdmciPjwvc3ZnPg==\" \/><\/p>\n\n\n\n<p class=\"wp-block-paragraph\">\u00abEmi ven\u00eda bien, avanzando y con el empuj\u00f3n de ayudar a otro compa\u00f1ero a ir para adelante, se rompi\u00f3 el radiador, as\u00ed que ahora a repasar, cambiar radiador, revisar el motor y prepararlo para la pr\u00f3xima\u00bb, cont\u00f3.<\/p>\n\n\n\n<p class=\"wp-block-paragraph\">Por otro lado, acalar\u00f3: \u00abYa estamos afuera del campeonato, pero vamos a tratar de dar todo igual y tratar de ganar\u00bb.<\/p>\n\n\n\n<p class=\"wp-block-paragraph\">El 5 y 6 de septiembre ser\u00e1 Emiliano Gonz\u00e1lez el encargado de conducir el Fiat 600, ya que Calvi\u00f1o estar\u00e1 ausente por motivos personales.<\/p>\n","protected":false},"excerpt":{"rendered":"<p>\u00abEl ritmo del auto no est\u00e1 mal\u00bb, asegur\u00f3 Mat\u00edas Calvi\u00f1o, tras la sexta fecha del a\u00f1o en el Mouras de La Plara. \u00abFue un fin de semana desafortunado\u00bb, advirti\u00f3 y [&hellip;]<\/p>\n","protected":false},"author":2,"featured_media":17168,"comment_status":"open","ping_status":"open","sticky":false,"template":"","format":"standard","meta":{"ngg_post_thumbnail":0,"footnotes":""},"categories":[14],"tags":[],"class_list":["post-17177","post","type-post","status-publish","format-standard","has-post-thumbnail","hentry","category-noticias"],"blocksy_meta":{"styles_descriptor":{"styles":{"desktop":"","tablet":"","mobile":""},"google_fonts":[],"version":7}},"_links":{"self":[{"href":"https:\/\/fiat600light.com.ar\/index.php\/wp-json\/wp\/v2\/posts\/17177","targetHints":{"allow":["GET"]}}],"collection":[{"href":"https:\/\/fiat600light.com.ar\/index.php\/wp-json\/wp\/v2\/posts"}],"about":[{"href":"https:\/\/fiat600light.com.ar\/index.php\/wp-json\/wp\/v2\/types\/post"}],"author":[{"embeddable":true,"href":"https:\/\/fiat600light.com.ar\/index.php\/wp-json\/wp\/v2\/users\/2"}],"replies":[{"embeddable":true,"href":"https:\/\/fiat600light.com.ar\/index.php\/wp-json\/wp\/v2\/comments?post=17177"}],"version-history":[{"count":1,"href":"https:\/\/fiat600light.com.ar\/index.php\/wp-json\/wp\/v2\/posts\/17177\/revisions"}],"predecessor-version":[{"id":17178,"href":"https:\/\/fiat600light.com.ar\/index.php\/wp-json\/wp\/v2\/posts\/17177\/revisions\/17178"}],"wp:featuredmedia":[{"embeddable":true,"href":"https:\/\/fiat600light.com.ar\/index.php\/wp-json\/wp\/v2\/media\/17168"}],"wp:attachment":[{"href":"https:\/\/fiat600light.com.ar\/index.php\/wp-json\/wp\/v2\/media?parent=17177"}],"wp:term":[{"taxonomy":"category","embeddable":true,"href":"https:\/\/fiat600light.com.ar\/index.php\/wp-json\/wp\/v2\/categories?post=17177"},{"taxonomy":"post_tag","embeddable":true,"href":"https:\/\/fiat600light.com.ar\/index.php\/wp-json\/wp\/v2\/tags?post=17177"}],"curies":[{"name":"wp","href":"https:\/\/api.w.org\/{rel}","templated":true}]}}