{"id":7127,"date":"2023-04-13T23:32:40","date_gmt":"2023-04-13T23:32:40","guid":{"rendered":"https:\/\/fiat600light.com.ar\/?p=7127"},"modified":"2023-04-13T23:32:40","modified_gmt":"2023-04-13T23:32:40","slug":"balance-positivo","status":"publish","type":"post","link":"https:\/\/fiat600light.com.ar\/index.php\/2023\/04\/13\/balance-positivo\/","title":{"rendered":"BALANCE POSITIVO"},"content":{"rendered":"\n<p>Jos\u00e9 Morelli se mostr\u00f3 feliz con el inicio del campeonato y con el funcionamiento del auto, por lo que buscar\u00e1 ir por m\u00e1s a Dolores. A pesar de haber podido girar poco en los ensayos previos, r\u00e1pidamente Jos\u00e9 sab\u00eda que ten\u00eda un muy buen potencial en el auto. La lluvia lo complic\u00f3 en la clasificaci\u00f3n, pero en las finales se recuper\u00f3 y demostr\u00f3 el gran potencial de su auto, llegando 9\u00b0 y 6\u00b0 respectivamente. \u201cEl balance del primer fin de semana es muy positivo, porque tanto mi auto como el de Brenda y Dami\u00e1n anduvieron muy bien. Desde que lo pusimos en pista no tuvimos que trabajar mucho, solo los controles normales y me vengo muy contento con cada fecha lograr eso, que funcionen bien y sean competitivos. En lo personal, fue muy bueno el arranque ya que en el receso no pude dedicarle mucho tiempo al auto, pero trabaj\u00e9 en los frenos, encontramos que ten\u00edamos ah\u00ed el problema y mejoramos mucho. <\/p>\n\n\n\n<p><img decoding=\"async\" width=\"1200\" height=\"800\" class=\"wp-image-7128 lazyload\" style=\"--smush-placeholder-width: 1200px; --smush-placeholder-aspect-ratio: 1200\/800;width: 1200px;\" data-src=\"https:\/\/fiat600light.com.ar\/wp-content\/uploads\/2023\/04\/DSC7742.jpg\" alt=\"\" data-srcset=\"https:\/\/fiat600light.com.ar\/wp-content\/uploads\/2023\/04\/DSC7742.jpg 1280w, https:\/\/fiat600light.com.ar\/wp-content\/uploads\/2023\/04\/DSC7742-300x200.jpg 300w, https:\/\/fiat600light.com.ar\/wp-content\/uploads\/2023\/04\/DSC7742-1024x682.jpg 1024w, https:\/\/fiat600light.com.ar\/wp-content\/uploads\/2023\/04\/DSC7742-768x512.jpg 768w\" data-sizes=\"auto, (max-width: 1200px) 100vw, 1200px\" src=\"data:image\/svg+xml;base64,PHN2ZyB3aWR0aD0iMSIgaGVpZ2h0PSIxIiB4bWxucz0iaHR0cDovL3d3dy53My5vcmcvMjAwMC9zdmciPjwvc3ZnPg==\" \/>En el 1er entrenamiento no pude salir a pista y en el 2\u00b0 di dos vueltas para regular frenos. Despu\u00e9s la lluvia nos complic\u00f3 a la hora de clasificar, pero en carrera fue positivo porque fuimos avanzar, pelear con pilotos muy buenos y terminamos redondeando dos buenos resultados. De cara a Dolores estamos trabajando en la parte presupuestaria, las expectativas son buenas porque siempre me cay\u00f3 bien el circuito, obtuve buenos resultados, el auto est\u00e1 muy bien y vamos hacer una revisi\u00f3n general para intentar estar nuevamente entre los 10. Agradezco al t\u00edo Rub\u00e9n que siempre est\u00e1 de manera incondicional, a la familia L\u00f3pez \u2013 Jhonson, Jorge, Dami\u00e1n, Brenda, a Maxi de amortiguadores Horacio, Miguel y Marcos Sberna, Nico Bracamonte y a todos los que nos ayudan siempre\u201d.<\/p>\n","protected":false},"excerpt":{"rendered":"<p>Jos\u00e9 Morelli se mostr\u00f3 feliz con el inicio del campeonato y con el funcionamiento del auto, por lo que buscar\u00e1 ir por m\u00e1s a Dolores. A pesar de haber podido [&hellip;]<\/p>\n","protected":false},"author":2,"featured_media":7129,"comment_status":"open","ping_status":"open","sticky":false,"template":"","format":"standard","meta":{"ngg_post_thumbnail":0,"footnotes":""},"categories":[14],"tags":[],"class_list":["post-7127","post","type-post","status-publish","format-standard","has-post-thumbnail","hentry","category-noticias"],"blocksy_meta":[],"_links":{"self":[{"href":"https:\/\/fiat600light.com.ar\/index.php\/wp-json\/wp\/v2\/posts\/7127","targetHints":{"allow":["GET"]}}],"collection":[{"href":"https:\/\/fiat600light.com.ar\/index.php\/wp-json\/wp\/v2\/posts"}],"about":[{"href":"https:\/\/fiat600light.com.ar\/index.php\/wp-json\/wp\/v2\/types\/post"}],"author":[{"embeddable":true,"href":"https:\/\/fiat600light.com.ar\/index.php\/wp-json\/wp\/v2\/users\/2"}],"replies":[{"embeddable":true,"href":"https:\/\/fiat600light.com.ar\/index.php\/wp-json\/wp\/v2\/comments?post=7127"}],"version-history":[{"count":1,"href":"https:\/\/fiat600light.com.ar\/index.php\/wp-json\/wp\/v2\/posts\/7127\/revisions"}],"predecessor-version":[{"id":7130,"href":"https:\/\/fiat600light.com.ar\/index.php\/wp-json\/wp\/v2\/posts\/7127\/revisions\/7130"}],"wp:featuredmedia":[{"embeddable":true,"href":"https:\/\/fiat600light.com.ar\/index.php\/wp-json\/wp\/v2\/media\/7129"}],"wp:attachment":[{"href":"https:\/\/fiat600light.com.ar\/index.php\/wp-json\/wp\/v2\/media?parent=7127"}],"wp:term":[{"taxonomy":"category","embeddable":true,"href":"https:\/\/fiat600light.com.ar\/index.php\/wp-json\/wp\/v2\/categories?post=7127"},{"taxonomy":"post_tag","embeddable":true,"href":"https:\/\/fiat600light.com.ar\/index.php\/wp-json\/wp\/v2\/tags?post=7127"}],"curies":[{"name":"wp","href":"https:\/\/api.w.org\/{rel}","templated":true}]}}