{"id":8185,"date":"2023-07-19T00:13:11","date_gmt":"2023-07-19T00:13:11","guid":{"rendered":"https:\/\/fiat600light.com.ar\/?p=8185"},"modified":"2023-07-19T00:13:12","modified_gmt":"2023-07-19T00:13:12","slug":"revirtio-el-fin-de-semana-con-una-buena-actuacion","status":"publish","type":"post","link":"https:\/\/fiat600light.com.ar\/index.php\/2023\/07\/19\/revirtio-el-fin-de-semana-con-una-buena-actuacion\/","title":{"rendered":"REVIRTIO EL FIN DE SEMANA CON UNA BUENA ACTUACION"},"content":{"rendered":"\n<h1 class=\"wp-block-heading has-small-font-size\">El 5\u00b0 cap\u00edtulo no comenz\u00f3 de la mejor manera para el joven piloto platense, que en los ensayos del viernes rompi\u00f3 mucho el auto con un despiste. El Rago Competici\u00f3n trabaj\u00f3 arduamente durante toda la jornada y el domingo logr\u00f3 redondear una buena actuaci\u00f3n con el 6\u00b0 lugar final, volviendo a pelear bien adelante. En la 2\u00aa competencia no pudo repetir ese protagonismo, pero dej\u00f3 en claro que va a Dolores con la intenci\u00f3n de pelear nuevamente por un lugar en el podio.<\/h1>\n\n\n\n<h1 class=\"wp-block-heading has-small-font-size\"><img decoding=\"async\" width=\"1200\" height=\"800\" class=\"wp-image-8194 lazyload\" style=\"--smush-placeholder-width: 1200px; --smush-placeholder-aspect-ratio: 1200\/800;width: 1200px;\" data-src=\"https:\/\/fiat600light.com.ar\/wp-content\/uploads\/2023\/07\/DSC2624.jpg\" alt=\"\" data-srcset=\"https:\/\/fiat600light.com.ar\/wp-content\/uploads\/2023\/07\/DSC2624.jpg 1280w, https:\/\/fiat600light.com.ar\/wp-content\/uploads\/2023\/07\/DSC2624-300x200.jpg 300w, https:\/\/fiat600light.com.ar\/wp-content\/uploads\/2023\/07\/DSC2624-1024x682.jpg 1024w, https:\/\/fiat600light.com.ar\/wp-content\/uploads\/2023\/07\/DSC2624-768x512.jpg 768w\" data-sizes=\"auto, (max-width: 1200px) 100vw, 1200px\" src=\"data:image\/svg+xml;base64,PHN2ZyB3aWR0aD0iMSIgaGVpZ2h0PSIxIiB4bWxucz0iaHR0cDovL3d3dy53My5vcmcvMjAwMC9zdmciPjwvc3ZnPg==\" \/><br><a href=\"https:\/\/www.instagram.com\/juan.bueno01\/\">@juan.bueno01<\/a><br>\u201cFue un buen fin de semana el \u00faltimo por c\u00f3mo se dio. El viernes fuimos a probar, dimos 3 vueltas y agarr\u00e9 aceite en el curv\u00f3n, sal\u00ed despistado y romp\u00ed todo el auto. Seba, Mauro y mi pap\u00e1 trabajaron todo el viernes para arreglarlo y ya el s\u00e1bado clasifiqu\u00e9 13\u00b0 con una fea tendencia del auto. Para la primera final cambiamos la suspensi\u00f3n y mejor\u00f3, aunque en la 2\u00aa nuevamente tuvimos una merma y no fuimos lo competitivo que quer\u00edamos\u201d comenz\u00f3 diciendo el platense que a\u00f1adi\u00f3: \u201cM\u00e1s all\u00e1 de eso estoy contento por seguir sumando puntos y ahora los chicos est\u00e1n trabajando bastante en el chasis para ver si lo podemos hacer funcionar bien. Dolores me gusta, aunque no me olvido que tuve un fuerte golpe ah\u00ed por lo que vamos a tratar de revertir la mala experiencia que tuvimos. Agradezco a todo el equipo que trabaja incansablemente y a mi familia\u201d.<\/h1>\n","protected":false},"excerpt":{"rendered":"<p>El 5\u00b0 cap\u00edtulo no comenz\u00f3 de la mejor manera para el joven piloto platense, que en los ensayos del viernes rompi\u00f3 mucho el auto con un despiste. El Rago Competici\u00f3n [&hellip;]<\/p>\n","protected":false},"author":2,"featured_media":8188,"comment_status":"open","ping_status":"open","sticky":false,"template":"","format":"standard","meta":{"ngg_post_thumbnail":0,"footnotes":""},"categories":[14],"tags":[],"class_list":["post-8185","post","type-post","status-publish","format-standard","has-post-thumbnail","hentry","category-noticias"],"blocksy_meta":[],"_links":{"self":[{"href":"https:\/\/fiat600light.com.ar\/index.php\/wp-json\/wp\/v2\/posts\/8185","targetHints":{"allow":["GET"]}}],"collection":[{"href":"https:\/\/fiat600light.com.ar\/index.php\/wp-json\/wp\/v2\/posts"}],"about":[{"href":"https:\/\/fiat600light.com.ar\/index.php\/wp-json\/wp\/v2\/types\/post"}],"author":[{"embeddable":true,"href":"https:\/\/fiat600light.com.ar\/index.php\/wp-json\/wp\/v2\/users\/2"}],"replies":[{"embeddable":true,"href":"https:\/\/fiat600light.com.ar\/index.php\/wp-json\/wp\/v2\/comments?post=8185"}],"version-history":[{"count":1,"href":"https:\/\/fiat600light.com.ar\/index.php\/wp-json\/wp\/v2\/posts\/8185\/revisions"}],"predecessor-version":[{"id":8198,"href":"https:\/\/fiat600light.com.ar\/index.php\/wp-json\/wp\/v2\/posts\/8185\/revisions\/8198"}],"wp:featuredmedia":[{"embeddable":true,"href":"https:\/\/fiat600light.com.ar\/index.php\/wp-json\/wp\/v2\/media\/8188"}],"wp:attachment":[{"href":"https:\/\/fiat600light.com.ar\/index.php\/wp-json\/wp\/v2\/media?parent=8185"}],"wp:term":[{"taxonomy":"category","embeddable":true,"href":"https:\/\/fiat600light.com.ar\/index.php\/wp-json\/wp\/v2\/categories?post=8185"},{"taxonomy":"post_tag","embeddable":true,"href":"https:\/\/fiat600light.com.ar\/index.php\/wp-json\/wp\/v2\/tags?post=8185"}],"curies":[{"name":"wp","href":"https:\/\/api.w.org\/{rel}","templated":true}]}}