{"id":8199,"date":"2023-07-19T00:20:41","date_gmt":"2023-07-19T00:20:41","guid":{"rendered":"https:\/\/fiat600light.com.ar\/?p=8199"},"modified":"2023-07-19T00:20:44","modified_gmt":"2023-07-19T00:20:44","slug":"ausentes-con-aviso","status":"publish","type":"post","link":"https:\/\/fiat600light.com.ar\/index.php\/2023\/07\/19\/ausentes-con-aviso\/","title":{"rendered":"AUSENTES CON AVISO"},"content":{"rendered":"\n<h1 class=\"wp-block-heading has-small-font-size\">Edgardo y Leonel Gambaro no ser\u00e1n de la partida en Dolores y apuntan con todo al regreso en el \u201cRoberto Mouras\u201d de La Plata.<br><br>Motivos familiares no le permitir\u00e1n estar presentes al binomio de Mercedes en la pr\u00f3xima reuni\u00f3n puntuable, para continuar con la muy buena evoluci\u00f3n que vienen teniendo en cada fecha, con Edgardo redondeando buenas finales y Leo ya empezando afirmarse dentro del top ten.<br><img decoding=\"async\" width=\"1200\" height=\"800\" class=\"wp-image-8191 lazyload\" style=\"--smush-placeholder-width: 1200px; --smush-placeholder-aspect-ratio: 1200\/800;width: 1200px;\" data-src=\"https:\/\/fiat600light.com.ar\/wp-content\/uploads\/2023\/07\/DSC2485.jpg\" alt=\"\" data-srcset=\"https:\/\/fiat600light.com.ar\/wp-content\/uploads\/2023\/07\/DSC2485.jpg 1280w, https:\/\/fiat600light.com.ar\/wp-content\/uploads\/2023\/07\/DSC2485-300x200.jpg 300w, https:\/\/fiat600light.com.ar\/wp-content\/uploads\/2023\/07\/DSC2485-1024x682.jpg 1024w, https:\/\/fiat600light.com.ar\/wp-content\/uploads\/2023\/07\/DSC2485-768x512.jpg 768w\" data-sizes=\"auto, (max-width: 1200px) 100vw, 1200px\" src=\"data:image\/svg+xml;base64,PHN2ZyB3aWR0aD0iMSIgaGVpZ2h0PSIxIiB4bWxucz0iaHR0cDovL3d3dy53My5vcmcvMjAwMC9zdmciPjwvc3ZnPg==\" \/><br>Edgardo coment\u00f3: \u201cA Dolores no voy porque tengo un viaje programado para conocer a mi primera nieta. No me quer\u00eda perder ninguna carrera y Dolores es un circuito que me gusta, pero en la vida hay prioridades como esta. S\u00ed vamos a volver en la pr\u00f3xima y vamos a estar presentes hasta fin de a\u00f1o\u201d.<br><br>Por su parte Leo dijo: \u201cDe la \u00faltima fecha nos volvimos contentos porque pap\u00e1 pudo hacer una buena carrera y lleg\u00f3 15\u00b0. Yo de ah\u00ed pude remontar y meternos entre los 10. Contento porque el auto va muy bien, todos los compa\u00f1eros del equipo me ayudan mucho y poco a poco vengo mejorando. Agradezco a Nico por el auto que nos da, que es muy firme y muy rendidor, as\u00ed que muy agradecido con \u00e9l por el trabajo que hace\u201d.<\/h1>\n","protected":false},"excerpt":{"rendered":"<p>Edgardo y Leonel Gambaro no ser\u00e1n de la partida en Dolores y apuntan con todo al regreso en el \u201cRoberto Mouras\u201d de La Plata. Motivos familiares no le permitir\u00e1n estar [&hellip;]<\/p>\n","protected":false},"author":2,"featured_media":8196,"comment_status":"open","ping_status":"open","sticky":false,"template":"","format":"standard","meta":{"ngg_post_thumbnail":0,"footnotes":""},"categories":[14],"tags":[],"class_list":["post-8199","post","type-post","status-publish","format-standard","has-post-thumbnail","hentry","category-noticias"],"blocksy_meta":[],"_links":{"self":[{"href":"https:\/\/fiat600light.com.ar\/index.php\/wp-json\/wp\/v2\/posts\/8199","targetHints":{"allow":["GET"]}}],"collection":[{"href":"https:\/\/fiat600light.com.ar\/index.php\/wp-json\/wp\/v2\/posts"}],"about":[{"href":"https:\/\/fiat600light.com.ar\/index.php\/wp-json\/wp\/v2\/types\/post"}],"author":[{"embeddable":true,"href":"https:\/\/fiat600light.com.ar\/index.php\/wp-json\/wp\/v2\/users\/2"}],"replies":[{"embeddable":true,"href":"https:\/\/fiat600light.com.ar\/index.php\/wp-json\/wp\/v2\/comments?post=8199"}],"version-history":[{"count":1,"href":"https:\/\/fiat600light.com.ar\/index.php\/wp-json\/wp\/v2\/posts\/8199\/revisions"}],"predecessor-version":[{"id":8200,"href":"https:\/\/fiat600light.com.ar\/index.php\/wp-json\/wp\/v2\/posts\/8199\/revisions\/8200"}],"wp:featuredmedia":[{"embeddable":true,"href":"https:\/\/fiat600light.com.ar\/index.php\/wp-json\/wp\/v2\/media\/8196"}],"wp:attachment":[{"href":"https:\/\/fiat600light.com.ar\/index.php\/wp-json\/wp\/v2\/media?parent=8199"}],"wp:term":[{"taxonomy":"category","embeddable":true,"href":"https:\/\/fiat600light.com.ar\/index.php\/wp-json\/wp\/v2\/categories?post=8199"},{"taxonomy":"post_tag","embeddable":true,"href":"https:\/\/fiat600light.com.ar\/index.php\/wp-json\/wp\/v2\/tags?post=8199"}],"curies":[{"name":"wp","href":"https:\/\/api.w.org\/{rel}","templated":true}]}}