{"id":8229,"date":"2023-07-28T01:50:11","date_gmt":"2023-07-28T01:50:11","guid":{"rendered":"https:\/\/fiat600light.com.ar\/?p=8229"},"modified":"2023-07-28T01:50:14","modified_gmt":"2023-07-28T01:50:14","slug":"redondearon-otro-buen-fin-de-semana-2","status":"publish","type":"post","link":"https:\/\/fiat600light.com.ar\/index.php\/2023\/07\/28\/redondearon-otro-buen-fin-de-semana-2\/","title":{"rendered":"REDONDEARON OTRO BUEN FIN DE SEMANA"},"content":{"rendered":"\n<p>Facundo Di Tano y Facundo Wernisch volvieron a tener otro gran fin de semana y se treparon a la cima del campeonato sobre el auto de Gast\u00f3n Aboy y que prepara el EMG Motores.<\/p>\n\n\n\n<p>Comenzando el campeonato en la segunda fecha, la gran regularidad del binomio (Ndr. El peor resultado fue un 6\u00b0 puesto) les permiti\u00f3 pasar a ser los l\u00edderes en soledad del campeonato y arriban a Dolores con el objetivo de seguir siendo animadores de una divisional que se muestra cada vez m\u00e1s competitiva.<img decoding=\"async\" width=\"1200\" height=\"800\" class=\"wp-image-8216 lazyload\" style=\"--smush-placeholder-width: 1200px; --smush-placeholder-aspect-ratio: 1200\/800;width: 1200px;\" data-src=\"https:\/\/fiat600light.com.ar\/wp-content\/uploads\/2023\/07\/DSC2638.jpg\" alt=\"\" data-srcset=\"https:\/\/fiat600light.com.ar\/wp-content\/uploads\/2023\/07\/DSC2638.jpg 1280w, https:\/\/fiat600light.com.ar\/wp-content\/uploads\/2023\/07\/DSC2638-300x200.jpg 300w, https:\/\/fiat600light.com.ar\/wp-content\/uploads\/2023\/07\/DSC2638-1024x682.jpg 1024w, https:\/\/fiat600light.com.ar\/wp-content\/uploads\/2023\/07\/DSC2638-768x512.jpg 768w\" data-sizes=\"auto, (max-width: 1200px) 100vw, 1200px\" src=\"data:image\/svg+xml;base64,PHN2ZyB3aWR0aD0iMSIgaGVpZ2h0PSIxIiB4bWxucz0iaHR0cDovL3d3dy53My5vcmcvMjAwMC9zdmciPjwvc3ZnPg==\" \/><\/p>\n\n\n\n<p>Facu Di Tano: \u201cDe la \u00faltima fecha nos vinimos m\u00e1s que conformes porque ahora estamos liderando el campeonato solos, que es lo que buscamos desde que conformamos este binomio, lo cual es muy meritorio porque tenemos una fecha menos corrida.<\/p>\n\n\n\n<p>El auto anda b\u00e1rbaro, tiene un ritmo fant\u00e1stico y esa es la herramienta m\u00e1s fuerte que tenemos, as\u00ed que agradecido con Emi que trabaja para que as\u00ed sea. A Dolores vamos optimistas y con ganas de sumar buenos puntos. El auto esta impecable, as\u00ed que solo le haremos un repaso general. Agradezco a todos los que nos apoyan, a todo el grupo humano que est\u00e1 atr\u00e1s del EMG, a Gast\u00f3n, mi mam\u00e1, mi hija, mi novia y a Emiliano porque es el gran responsable de los buenos resultados\u201d.<\/p>\n","protected":false},"excerpt":{"rendered":"<p>Facundo Di Tano y Facundo Wernisch volvieron a tener otro gran fin de semana y se treparon a la cima del campeonato sobre el auto de Gast\u00f3n Aboy y que [&hellip;]<\/p>\n","protected":false},"author":2,"featured_media":8221,"comment_status":"open","ping_status":"open","sticky":false,"template":"","format":"standard","meta":{"ngg_post_thumbnail":0,"footnotes":""},"categories":[14],"tags":[],"class_list":["post-8229","post","type-post","status-publish","format-standard","has-post-thumbnail","hentry","category-noticias"],"blocksy_meta":[],"_links":{"self":[{"href":"https:\/\/fiat600light.com.ar\/index.php\/wp-json\/wp\/v2\/posts\/8229","targetHints":{"allow":["GET"]}}],"collection":[{"href":"https:\/\/fiat600light.com.ar\/index.php\/wp-json\/wp\/v2\/posts"}],"about":[{"href":"https:\/\/fiat600light.com.ar\/index.php\/wp-json\/wp\/v2\/types\/post"}],"author":[{"embeddable":true,"href":"https:\/\/fiat600light.com.ar\/index.php\/wp-json\/wp\/v2\/users\/2"}],"replies":[{"embeddable":true,"href":"https:\/\/fiat600light.com.ar\/index.php\/wp-json\/wp\/v2\/comments?post=8229"}],"version-history":[{"count":1,"href":"https:\/\/fiat600light.com.ar\/index.php\/wp-json\/wp\/v2\/posts\/8229\/revisions"}],"predecessor-version":[{"id":8230,"href":"https:\/\/fiat600light.com.ar\/index.php\/wp-json\/wp\/v2\/posts\/8229\/revisions\/8230"}],"wp:featuredmedia":[{"embeddable":true,"href":"https:\/\/fiat600light.com.ar\/index.php\/wp-json\/wp\/v2\/media\/8221"}],"wp:attachment":[{"href":"https:\/\/fiat600light.com.ar\/index.php\/wp-json\/wp\/v2\/media?parent=8229"}],"wp:term":[{"taxonomy":"category","embeddable":true,"href":"https:\/\/fiat600light.com.ar\/index.php\/wp-json\/wp\/v2\/categories?post=8229"},{"taxonomy":"post_tag","embeddable":true,"href":"https:\/\/fiat600light.com.ar\/index.php\/wp-json\/wp\/v2\/tags?post=8229"}],"curies":[{"name":"wp","href":"https:\/\/api.w.org\/{rel}","templated":true}]}}