{"id":8639,"date":"2023-09-29T01:04:17","date_gmt":"2023-09-29T01:04:17","guid":{"rendered":"https:\/\/fiat600light.com.ar\/?p=8639"},"modified":"2023-09-29T01:04:19","modified_gmt":"2023-09-29T01:04:19","slug":"sensaciones-encontradas-3","status":"publish","type":"post","link":"https:\/\/fiat600light.com.ar\/index.php\/2023\/09\/29\/sensaciones-encontradas-3\/","title":{"rendered":"SENSACIONES ENCONTRADAS"},"content":{"rendered":"\n<p>As\u00ed terminaron la \u00faltima fecha Enzo Nieto y Bautista Calderone sobre el auto que le entrega el EMG Motores.<br>Bautista Calderone: \u201cLas sensaciones de la \u00faltima fecha fueron contradictorias en lo deportivo. Contento por largar 8\u00b0 producto de un buen desempe\u00f1o en mi primera clasificaci\u00f3n, aunque ofuscado por haberme despistado en dos oportunidades en la misma curva, perdiendo la posibilidad de entrar en el top ten.<img decoding=\"async\" width=\"1200\" height=\"800\" class=\"wp-image-8618 lazyload\" style=\"--smush-placeholder-width: 1200px; --smush-placeholder-aspect-ratio: 1200\/800;width: 1200px;\" data-src=\"https:\/\/fiat600light.com.ar\/wp-content\/uploads\/2023\/09\/380573019_2211419652387209_1971180258057489638_n.jpeg\" alt=\"\" data-srcset=\"https:\/\/fiat600light.com.ar\/wp-content\/uploads\/2023\/09\/380573019_2211419652387209_1971180258057489638_n.jpeg 1080w, https:\/\/fiat600light.com.ar\/wp-content\/uploads\/2023\/09\/380573019_2211419652387209_1971180258057489638_n-300x200.jpeg 300w, https:\/\/fiat600light.com.ar\/wp-content\/uploads\/2023\/09\/380573019_2211419652387209_1971180258057489638_n-1024x683.jpeg 1024w, https:\/\/fiat600light.com.ar\/wp-content\/uploads\/2023\/09\/380573019_2211419652387209_1971180258057489638_n-768x512.jpeg 768w\" data-sizes=\"auto, (max-width: 1200px) 100vw, 1200px\" src=\"data:image\/svg+xml;base64,PHN2ZyB3aWR0aD0iMSIgaGVpZ2h0PSIxIiB4bWxucz0iaHR0cDovL3d3dy53My5vcmcvMjAwMC9zdmciPjwvc3ZnPg==\" \/><\/p>\n\n\n\n<p>Enzo larg\u00f3 14\u00b0 y en una buena remontada pudo llegar 7\u00b0 en tanto que, Bautista que hab\u00eda logrado su mejor trabajo clasificatorio con el 8\u00b0 puesto se retras\u00f3 y lleg\u00f3 13\u00b0 a la cuadriculada.<br>Fue mi primera vez con una condici\u00f3n de pista tan complicada y con visibilidad muy reducida; pero sirvi\u00f3 para seguir aprendiendo y sumando experiencia, compartiendo pista con pilotos invitados de renombre.<\/p>\n\n\n\n<p>En lo personal fue un excelente fin de semana compartiendo momentos con amigos y familia que es lo m\u00e1s importante, en el contexto de una fecha muy especial para nosotros por el apoyo de Salween y Bratton a la categor\u00eda, lo cual aprovecho para agradecerlo, al igual que a todo el equipo del EMG motores por el trabajo permanente en el auto\u201d.<br>Enzo Nieto: \u201cEl balance de la \u00faltima carrera fue positivo. Si bien no estuvimos competitivos en mi clasificaci\u00f3n, luego logramos revertir esa tendencia a la hora de la final con una condici\u00f3n clim\u00e1tica muy complicada, pero terminamos y sumamos buenos puntos para el campeonato.<\/p>\n\n\n\n<p>Fue duro el finde con tanta lluvia, pero no opaca el lindo momento que se vive en familia y con amigos. Esperamos con ansias la pr\u00f3xima fecha para seguir mejorando y pelear m\u00e1s adelante por un lugar en el podio\u201d concluy\u00f3.<\/p>\n","protected":false},"excerpt":{"rendered":"<p>As\u00ed terminaron la \u00faltima fecha Enzo Nieto y Bautista Calderone sobre el auto que le entrega el EMG Motores.Bautista Calderone: \u201cLas sensaciones de la \u00faltima fecha fueron contradictorias en lo [&hellip;]<\/p>\n","protected":false},"author":2,"featured_media":8625,"comment_status":"open","ping_status":"open","sticky":false,"template":"","format":"standard","meta":{"ngg_post_thumbnail":0,"footnotes":""},"categories":[14],"tags":[],"class_list":["post-8639","post","type-post","status-publish","format-standard","has-post-thumbnail","hentry","category-noticias"],"blocksy_meta":[],"_links":{"self":[{"href":"https:\/\/fiat600light.com.ar\/index.php\/wp-json\/wp\/v2\/posts\/8639","targetHints":{"allow":["GET"]}}],"collection":[{"href":"https:\/\/fiat600light.com.ar\/index.php\/wp-json\/wp\/v2\/posts"}],"about":[{"href":"https:\/\/fiat600light.com.ar\/index.php\/wp-json\/wp\/v2\/types\/post"}],"author":[{"embeddable":true,"href":"https:\/\/fiat600light.com.ar\/index.php\/wp-json\/wp\/v2\/users\/2"}],"replies":[{"embeddable":true,"href":"https:\/\/fiat600light.com.ar\/index.php\/wp-json\/wp\/v2\/comments?post=8639"}],"version-history":[{"count":1,"href":"https:\/\/fiat600light.com.ar\/index.php\/wp-json\/wp\/v2\/posts\/8639\/revisions"}],"predecessor-version":[{"id":8640,"href":"https:\/\/fiat600light.com.ar\/index.php\/wp-json\/wp\/v2\/posts\/8639\/revisions\/8640"}],"wp:featuredmedia":[{"embeddable":true,"href":"https:\/\/fiat600light.com.ar\/index.php\/wp-json\/wp\/v2\/media\/8625"}],"wp:attachment":[{"href":"https:\/\/fiat600light.com.ar\/index.php\/wp-json\/wp\/v2\/media?parent=8639"}],"wp:term":[{"taxonomy":"category","embeddable":true,"href":"https:\/\/fiat600light.com.ar\/index.php\/wp-json\/wp\/v2\/categories?post=8639"},{"taxonomy":"post_tag","embeddable":true,"href":"https:\/\/fiat600light.com.ar\/index.php\/wp-json\/wp\/v2\/tags?post=8639"}],"curies":[{"name":"wp","href":"https:\/\/api.w.org\/{rel}","templated":true}]}}