{"id":8645,"date":"2023-09-29T01:09:51","date_gmt":"2023-09-29T01:09:51","guid":{"rendered":"https:\/\/fiat600light.com.ar\/?p=8645"},"modified":"2023-09-29T01:09:53","modified_gmt":"2023-09-29T01:09:53","slug":"su-mejor-actuacion","status":"publish","type":"post","link":"https:\/\/fiat600light.com.ar\/index.php\/2023\/09\/29\/su-mejor-actuacion\/","title":{"rendered":"SU MEJOR ACTUACION"},"content":{"rendered":"\n<p>Ferm\u00edn Knudsen tuvo un estupendo trabajo bajo la lluvia y redonde\u00f3 su mejor fin de semana del a\u00f1o.<\/p>\n\n\n\n<p>Con el auto que le entrega el Tala Motores, el \u201cgenio sojero\u201d se muestra cada vez m\u00e1s firme y contundente y lo ratific\u00f3 en la \u00faltima reuni\u00f3n puntuable, donde a pesar de la dif\u00edcil condici\u00f3n de pista mostr\u00f3 un gran rendimiento llegando 9\u00b0 y 6\u00b0 en ambas finales.<img decoding=\"async\" width=\"1200\" height=\"800\" class=\"wp-image-8621 lazyload\" style=\"--smush-placeholder-width: 1200px; --smush-placeholder-aspect-ratio: 1200\/800;width: 1200px;\" data-src=\"https:\/\/fiat600light.com.ar\/wp-content\/uploads\/2023\/09\/380790574_536723155278268_859122898677383576_n.jpeg\" alt=\"\" data-srcset=\"https:\/\/fiat600light.com.ar\/wp-content\/uploads\/2023\/09\/380790574_536723155278268_859122898677383576_n.jpeg 1080w, https:\/\/fiat600light.com.ar\/wp-content\/uploads\/2023\/09\/380790574_536723155278268_859122898677383576_n-300x200.jpeg 300w, https:\/\/fiat600light.com.ar\/wp-content\/uploads\/2023\/09\/380790574_536723155278268_859122898677383576_n-1024x683.jpeg 1024w, https:\/\/fiat600light.com.ar\/wp-content\/uploads\/2023\/09\/380790574_536723155278268_859122898677383576_n-768x512.jpeg 768w\" data-sizes=\"auto, (max-width: 1200px) 100vw, 1200px\" src=\"data:image\/svg+xml;base64,PHN2ZyB3aWR0aD0iMSIgaGVpZ2h0PSIxIiB4bWxucz0iaHR0cDovL3d3dy53My5vcmcvMjAwMC9zdmciPjwvc3ZnPg==\" \/><br><a href=\"https:\/\/www.instagram.com\/knudsenf\/\">@knudsenf<\/a><br>\u201cFue un buen fin de semana muy bueno sobre todo el domingo. Ya desde el viernes funcionamos muy bien, aunque en la clasificaci\u00f3n un problema con la bater\u00eda me complic\u00f3 y no me permiti\u00f3 redondear la vuelta de la mejor manera, quedando 15\u00b0 para ambas finales.<\/p>\n\n\n\n<p>El domingo la pista estaba muy complicada, hab\u00eda que no cometer errores y pudimos avanzar en la primera final para llegar 9\u00b0. En la segunda la pista ya estaba peor, no se ve\u00eda absolutamente nada, pero fuimos con un buen ritmo, avanzamos mucho y terminamos 6\u00b0\u201d comenz\u00f3 diciendo el juninense que a\u00f1adi\u00f3: \u201cMe qued\u00f3 un sabor un poco agridulce por lo que ocurri\u00f3 el s\u00e1bado, porque de haber podido clasificar bien podr\u00edamos haber pelear m\u00e1s adelante, pero lo importante es cada vez estamos mejor, m\u00e1s cerca de la punta y vamos a seguir trabajando para ir por m\u00e1s en lo que resta del a\u00f1o\u201d cerr\u00f3.<\/p>\n","protected":false},"excerpt":{"rendered":"<p>Ferm\u00edn Knudsen tuvo un estupendo trabajo bajo la lluvia y redonde\u00f3 su mejor fin de semana del a\u00f1o. Con el auto que le entrega el Tala Motores, el \u201cgenio sojero\u201d [&hellip;]<\/p>\n","protected":false},"author":2,"featured_media":8624,"comment_status":"open","ping_status":"open","sticky":false,"template":"","format":"standard","meta":{"ngg_post_thumbnail":0,"footnotes":""},"categories":[14],"tags":[],"class_list":["post-8645","post","type-post","status-publish","format-standard","has-post-thumbnail","hentry","category-noticias"],"blocksy_meta":[],"_links":{"self":[{"href":"https:\/\/fiat600light.com.ar\/index.php\/wp-json\/wp\/v2\/posts\/8645","targetHints":{"allow":["GET"]}}],"collection":[{"href":"https:\/\/fiat600light.com.ar\/index.php\/wp-json\/wp\/v2\/posts"}],"about":[{"href":"https:\/\/fiat600light.com.ar\/index.php\/wp-json\/wp\/v2\/types\/post"}],"author":[{"embeddable":true,"href":"https:\/\/fiat600light.com.ar\/index.php\/wp-json\/wp\/v2\/users\/2"}],"replies":[{"embeddable":true,"href":"https:\/\/fiat600light.com.ar\/index.php\/wp-json\/wp\/v2\/comments?post=8645"}],"version-history":[{"count":1,"href":"https:\/\/fiat600light.com.ar\/index.php\/wp-json\/wp\/v2\/posts\/8645\/revisions"}],"predecessor-version":[{"id":8646,"href":"https:\/\/fiat600light.com.ar\/index.php\/wp-json\/wp\/v2\/posts\/8645\/revisions\/8646"}],"wp:featuredmedia":[{"embeddable":true,"href":"https:\/\/fiat600light.com.ar\/index.php\/wp-json\/wp\/v2\/media\/8624"}],"wp:attachment":[{"href":"https:\/\/fiat600light.com.ar\/index.php\/wp-json\/wp\/v2\/media?parent=8645"}],"wp:term":[{"taxonomy":"category","embeddable":true,"href":"https:\/\/fiat600light.com.ar\/index.php\/wp-json\/wp\/v2\/categories?post=8645"},{"taxonomy":"post_tag","embeddable":true,"href":"https:\/\/fiat600light.com.ar\/index.php\/wp-json\/wp\/v2\/tags?post=8645"}],"curies":[{"name":"wp","href":"https:\/\/api.w.org\/{rel}","templated":true}]}}