{"id":8649,"date":"2023-09-29T01:12:43","date_gmt":"2023-09-29T01:12:43","guid":{"rendered":"https:\/\/fiat600light.com.ar\/?p=8649"},"modified":"2023-09-29T01:12:45","modified_gmt":"2023-09-29T01:12:45","slug":"un-triunfo-muy-esperado-2","status":"publish","type":"post","link":"https:\/\/fiat600light.com.ar\/index.php\/2023\/09\/29\/un-triunfo-muy-esperado-2\/","title":{"rendered":"UN TRIUNFO MUY ESPERADO"},"content":{"rendered":"\n<p>Facundo Di Tano gan\u00f3 una extraordinaria final y logr\u00f3 subir al escal\u00f3n m\u00e1s alto del podio que se le ven\u00eda negando hace tiempo. Adem\u00e1s, el piloto que comparte la butaca con Facundo Wernisch logr\u00f3 estirar la ventaja en la cima de la tabla anual.<img decoding=\"async\" width=\"1200\" height=\"800\" class=\"wp-image-8612 lazyload\" style=\"--smush-placeholder-width: 1200px; --smush-placeholder-aspect-ratio: 1200\/800;width: 1200px;\" data-src=\"https:\/\/fiat600light.com.ar\/wp-content\/uploads\/2023\/09\/384433121_1797989027337706_6290211162795414884_n.jpeg\" alt=\"\" data-srcset=\"https:\/\/fiat600light.com.ar\/wp-content\/uploads\/2023\/09\/384433121_1797989027337706_6290211162795414884_n.jpeg 1080w, https:\/\/fiat600light.com.ar\/wp-content\/uploads\/2023\/09\/384433121_1797989027337706_6290211162795414884_n-300x200.jpeg 300w, https:\/\/fiat600light.com.ar\/wp-content\/uploads\/2023\/09\/384433121_1797989027337706_6290211162795414884_n-1024x683.jpeg 1024w, https:\/\/fiat600light.com.ar\/wp-content\/uploads\/2023\/09\/384433121_1797989027337706_6290211162795414884_n-768x512.jpeg 768w\" data-sizes=\"auto, (max-width: 1200px) 100vw, 1200px\" src=\"data:image\/svg+xml;base64,PHN2ZyB3aWR0aD0iMSIgaGVpZ2h0PSIxIiB4bWxucz0iaHR0cDovL3d3dy53My5vcmcvMjAwMC9zdmciPjwvc3ZnPg==\" \/><br><a href=\"https:\/\/www.instagram.com\/tanodi\/\">@tanodi<\/a><br>\u201cLa victoria siempre es una sensaci\u00f3n incomparable, pero es muy ingrata porque uno ve el esfuerzo del equipo para lograr ese objetivo que cuesta tanto y se disfruta poco. Si bien no est\u00e1bamos obligados a ganar, es algo que uno siempre quiere. El viernes, despu\u00e9s de hacer un tanda de entrenamiento supe que ten\u00edamos la herramienta para ganar y cuando llegue a casa mi hija me pregunt\u00f3 c\u00f3mo me fue y le dije que el domingo ganaba\u201d comenz\u00f3 diciendo Facu que a\u00f1adi\u00f3: \u201cEn el campeonato estamos bien, pero a\u00fan falta demasiado. Vamos carrera a carrera. El auto ya se encuentra en el taller de Emi para poder seguir trabajando y repasando todo para que el funcionamiento siga igual o mejor si es que se puede.<\/p>\n\n\n\n<p>Agradecido a Gast\u00f3n que me permite subirme a su auto comparti\u00e9ndolo con Facu Wernisch, a Walter Natale que acept\u00f3 subirse de invitado, hizo lo que ten\u00eda que hacer en su final y eso no permiti\u00f3 poder seguir en la cima del campeonato, a los sponsors: World Cars, Municipio de San Vicente, Distribuidora Osa y una menci\u00f3n especial para Emi que sabe m\u00e1s que nadie lo que dese\u00e1bamos ambos esta victoria ya que tuvimos excelentes resultados desde que estamos juntos, pero se negaba el triunfo. Agradecer tambi\u00e9n a mi mam\u00e1, mis hermanos, mi novia, mi hija Dona, Loli y Sebi que estuvieron pendientes de la carrera en vivo y les pude regalar este triunfo.<\/p>\n\n\n\n<p>Gracias de coraz\u00f3n a todos y a la categor\u00eda que con Mat\u00edas Calvi\u00f1o a la cabeza y la ayuda de Brenda est\u00e1n haciendo hasta lo imposible para que este parque siga creciendo\u201d.<\/p>\n","protected":false},"excerpt":{"rendered":"<p>Facundo Di Tano gan\u00f3 una extraordinaria final y logr\u00f3 subir al escal\u00f3n m\u00e1s alto del podio que se le ven\u00eda negando hace tiempo. Adem\u00e1s, el piloto que comparte la butaca [&hellip;]<\/p>\n","protected":false},"author":2,"featured_media":8628,"comment_status":"open","ping_status":"open","sticky":false,"template":"","format":"standard","meta":{"ngg_post_thumbnail":0,"footnotes":""},"categories":[14],"tags":[],"class_list":["post-8649","post","type-post","status-publish","format-standard","has-post-thumbnail","hentry","category-noticias"],"blocksy_meta":[],"_links":{"self":[{"href":"https:\/\/fiat600light.com.ar\/index.php\/wp-json\/wp\/v2\/posts\/8649","targetHints":{"allow":["GET"]}}],"collection":[{"href":"https:\/\/fiat600light.com.ar\/index.php\/wp-json\/wp\/v2\/posts"}],"about":[{"href":"https:\/\/fiat600light.com.ar\/index.php\/wp-json\/wp\/v2\/types\/post"}],"author":[{"embeddable":true,"href":"https:\/\/fiat600light.com.ar\/index.php\/wp-json\/wp\/v2\/users\/2"}],"replies":[{"embeddable":true,"href":"https:\/\/fiat600light.com.ar\/index.php\/wp-json\/wp\/v2\/comments?post=8649"}],"version-history":[{"count":1,"href":"https:\/\/fiat600light.com.ar\/index.php\/wp-json\/wp\/v2\/posts\/8649\/revisions"}],"predecessor-version":[{"id":8650,"href":"https:\/\/fiat600light.com.ar\/index.php\/wp-json\/wp\/v2\/posts\/8649\/revisions\/8650"}],"wp:featuredmedia":[{"embeddable":true,"href":"https:\/\/fiat600light.com.ar\/index.php\/wp-json\/wp\/v2\/media\/8628"}],"wp:attachment":[{"href":"https:\/\/fiat600light.com.ar\/index.php\/wp-json\/wp\/v2\/media?parent=8649"}],"wp:term":[{"taxonomy":"category","embeddable":true,"href":"https:\/\/fiat600light.com.ar\/index.php\/wp-json\/wp\/v2\/categories?post=8649"},{"taxonomy":"post_tag","embeddable":true,"href":"https:\/\/fiat600light.com.ar\/index.php\/wp-json\/wp\/v2\/tags?post=8649"}],"curies":[{"name":"wp","href":"https:\/\/api.w.org\/{rel}","templated":true}]}}