{"id":8651,"date":"2023-09-29T01:14:05","date_gmt":"2023-09-29T01:14:05","guid":{"rendered":"https:\/\/fiat600light.com.ar\/?p=8651"},"modified":"2023-09-29T01:14:06","modified_gmt":"2023-09-29T01:14:06","slug":"redondeo-otra-gran-actuacion-2","status":"publish","type":"post","link":"https:\/\/fiat600light.com.ar\/index.php\/2023\/09\/29\/redondeo-otra-gran-actuacion-2\/","title":{"rendered":"REDONDEO OTRA GRAN ACTUACION"},"content":{"rendered":"\n<p>Mat\u00edas Pati\u00f1o tuvo un buen desempe\u00f1o en la \u00faltima fecha, consiguiendo su 2\u00aa \u201cpole positi\u00f3n\u201d y logr\u00f3 su 6\u00b0 podio del a\u00f1o sobre el auto del Tala Motores. As\u00ed, el quilme\u00f1o se ubica 3\u00b0 en la tabla anual con 140 puntos.<br><a href=\"https:\/\/www.instagram.com\/matias.patino.1485\/\">@matias.patino.1485<\/a><br>\u201cFue una linda carrera la \u00faltima y el s\u00e1bado no me esperaba hacer la \u2018pole\u2019, as\u00ed que me sorprendi\u00f3 gratamente. En la final con la lluvia el objetivo era mantenerse en pista, cuidar la posici\u00f3n y terminar de la mejor manera posible\u201d declar\u00f3.<img decoding=\"async\" width=\"1200\" height=\"800\" class=\"wp-image-8630 lazyload\" style=\"--smush-placeholder-width: 1200px; --smush-placeholder-aspect-ratio: 1200\/800;width: 1200px;\" data-src=\"https:\/\/fiat600light.com.ar\/wp-content\/uploads\/2023\/09\/382918919_1338283010400096_2305192877518192350_n.jpeg\" alt=\"\" data-srcset=\"https:\/\/fiat600light.com.ar\/wp-content\/uploads\/2023\/09\/382918919_1338283010400096_2305192877518192350_n.jpeg 1080w, https:\/\/fiat600light.com.ar\/wp-content\/uploads\/2023\/09\/382918919_1338283010400096_2305192877518192350_n-300x200.jpeg 300w, https:\/\/fiat600light.com.ar\/wp-content\/uploads\/2023\/09\/382918919_1338283010400096_2305192877518192350_n-1024x683.jpeg 1024w, https:\/\/fiat600light.com.ar\/wp-content\/uploads\/2023\/09\/382918919_1338283010400096_2305192877518192350_n-768x512.jpeg 768w\" data-sizes=\"auto, (max-width: 1200px) 100vw, 1200px\" src=\"data:image\/svg+xml;base64,PHN2ZyB3aWR0aD0iMSIgaGVpZ2h0PSIxIiB4bWxucz0iaHR0cDovL3d3dy53My5vcmcvMjAwMC9zdmciPjwvc3ZnPg==\" \/><\/p>\n","protected":false},"excerpt":{"rendered":"<p>Mat\u00edas Pati\u00f1o tuvo un buen desempe\u00f1o en la \u00faltima fecha, consiguiendo su 2\u00aa \u201cpole positi\u00f3n\u201d y logr\u00f3 su 6\u00b0 podio del a\u00f1o sobre el auto del Tala Motores. As\u00ed, el [&hellip;]<\/p>\n","protected":false},"author":2,"featured_media":8633,"comment_status":"open","ping_status":"open","sticky":false,"template":"","format":"standard","meta":{"ngg_post_thumbnail":0,"footnotes":""},"categories":[14],"tags":[],"class_list":["post-8651","post","type-post","status-publish","format-standard","has-post-thumbnail","hentry","category-noticias"],"blocksy_meta":[],"_links":{"self":[{"href":"https:\/\/fiat600light.com.ar\/index.php\/wp-json\/wp\/v2\/posts\/8651","targetHints":{"allow":["GET"]}}],"collection":[{"href":"https:\/\/fiat600light.com.ar\/index.php\/wp-json\/wp\/v2\/posts"}],"about":[{"href":"https:\/\/fiat600light.com.ar\/index.php\/wp-json\/wp\/v2\/types\/post"}],"author":[{"embeddable":true,"href":"https:\/\/fiat600light.com.ar\/index.php\/wp-json\/wp\/v2\/users\/2"}],"replies":[{"embeddable":true,"href":"https:\/\/fiat600light.com.ar\/index.php\/wp-json\/wp\/v2\/comments?post=8651"}],"version-history":[{"count":1,"href":"https:\/\/fiat600light.com.ar\/index.php\/wp-json\/wp\/v2\/posts\/8651\/revisions"}],"predecessor-version":[{"id":8652,"href":"https:\/\/fiat600light.com.ar\/index.php\/wp-json\/wp\/v2\/posts\/8651\/revisions\/8652"}],"wp:featuredmedia":[{"embeddable":true,"href":"https:\/\/fiat600light.com.ar\/index.php\/wp-json\/wp\/v2\/media\/8633"}],"wp:attachment":[{"href":"https:\/\/fiat600light.com.ar\/index.php\/wp-json\/wp\/v2\/media?parent=8651"}],"wp:term":[{"taxonomy":"category","embeddable":true,"href":"https:\/\/fiat600light.com.ar\/index.php\/wp-json\/wp\/v2\/categories?post=8651"},{"taxonomy":"post_tag","embeddable":true,"href":"https:\/\/fiat600light.com.ar\/index.php\/wp-json\/wp\/v2\/tags?post=8651"}],"curies":[{"name":"wp","href":"https:\/\/api.w.org\/{rel}","templated":true}]}}