{"id":8955,"date":"2023-11-10T02:48:28","date_gmt":"2023-11-10T02:48:28","guid":{"rendered":"https:\/\/fiat600light.com.ar\/?p=8955"},"modified":"2023-11-10T02:48:28","modified_gmt":"2023-11-10T02:48:28","slug":"trabaja-con-la-vista-puesta-en-la-9na","status":"publish","type":"post","link":"https:\/\/fiat600light.com.ar\/index.php\/2023\/11\/10\/trabaja-con-la-vista-puesta-en-la-9na\/","title":{"rendered":"TRABAJA CON LA VISTA PUESTA EN LA 9na"},"content":{"rendered":"\n<p>Juan Cruz Bueno y el Rago Competici\u00f3n ya trabajan de cara a la pr\u00f3xima reuni\u00f3n puntuable que ser\u00e1 el 11 y 12 de noviembre en La Plata, con el objetivo de volver a pelear firme por los puestos del podio.<img decoding=\"async\" width=\"1200\" height=\"844\" class=\"wp-image-8943 lazyload\" style=\"--smush-placeholder-width: 1200px; --smush-placeholder-aspect-ratio: 1200\/844;width: 1200px;\" data-src=\"https:\/\/fiat600light.com.ar\/wp-content\/uploads\/2023\/11\/DSC3855.jpg\" alt=\"\" data-srcset=\"https:\/\/fiat600light.com.ar\/wp-content\/uploads\/2023\/11\/DSC3855.jpg 1280w, https:\/\/fiat600light.com.ar\/wp-content\/uploads\/2023\/11\/DSC3855-300x211.jpg 300w, https:\/\/fiat600light.com.ar\/wp-content\/uploads\/2023\/11\/DSC3855-1024x720.jpg 1024w, https:\/\/fiat600light.com.ar\/wp-content\/uploads\/2023\/11\/DSC3855-768x540.jpg 768w\" data-sizes=\"auto, (max-width: 1200px) 100vw, 1200px\" src=\"data:image\/svg+xml;base64,PHN2ZyB3aWR0aD0iMSIgaGVpZ2h0PSIxIiB4bWxucz0iaHR0cDovL3d3dy53My5vcmcvMjAwMC9zdmciPjwvc3ZnPg==\" \/><\/p>\n\n\n\n<p>\u201cNo tuvimos un gran finde en la \u00faltima fecha ya que padecimos con una complicaci\u00f3n que no pudimos solucionarla. M\u00e1s all\u00e1 de eso, contento porque seguimos sumando fecha a fecha con una buena regularidad y confiabilidad en el auto.<\/p>\n\n\n\n<p>Ahora se trabaja fuertemente en el chasis para encontrar esa tendencia y ser competitivos en la etapa final del campeonato. Agradezco a mi equipo y a mi familia por el apoyo incondicional\u201d.<\/p>\n","protected":false},"excerpt":{"rendered":"<p>Juan Cruz Bueno y el Rago Competici\u00f3n ya trabajan de cara a la pr\u00f3xima reuni\u00f3n puntuable que ser\u00e1 el 11 y 12 de noviembre en La Plata, con el objetivo [&hellip;]<\/p>\n","protected":false},"author":2,"featured_media":8931,"comment_status":"open","ping_status":"open","sticky":false,"template":"","format":"standard","meta":{"ngg_post_thumbnail":0,"footnotes":""},"categories":[14],"tags":[],"class_list":["post-8955","post","type-post","status-publish","format-standard","has-post-thumbnail","hentry","category-noticias"],"blocksy_meta":[],"_links":{"self":[{"href":"https:\/\/fiat600light.com.ar\/index.php\/wp-json\/wp\/v2\/posts\/8955","targetHints":{"allow":["GET"]}}],"collection":[{"href":"https:\/\/fiat600light.com.ar\/index.php\/wp-json\/wp\/v2\/posts"}],"about":[{"href":"https:\/\/fiat600light.com.ar\/index.php\/wp-json\/wp\/v2\/types\/post"}],"author":[{"embeddable":true,"href":"https:\/\/fiat600light.com.ar\/index.php\/wp-json\/wp\/v2\/users\/2"}],"replies":[{"embeddable":true,"href":"https:\/\/fiat600light.com.ar\/index.php\/wp-json\/wp\/v2\/comments?post=8955"}],"version-history":[{"count":1,"href":"https:\/\/fiat600light.com.ar\/index.php\/wp-json\/wp\/v2\/posts\/8955\/revisions"}],"predecessor-version":[{"id":8956,"href":"https:\/\/fiat600light.com.ar\/index.php\/wp-json\/wp\/v2\/posts\/8955\/revisions\/8956"}],"wp:featuredmedia":[{"embeddable":true,"href":"https:\/\/fiat600light.com.ar\/index.php\/wp-json\/wp\/v2\/media\/8931"}],"wp:attachment":[{"href":"https:\/\/fiat600light.com.ar\/index.php\/wp-json\/wp\/v2\/media?parent=8955"}],"wp:term":[{"taxonomy":"category","embeddable":true,"href":"https:\/\/fiat600light.com.ar\/index.php\/wp-json\/wp\/v2\/categories?post=8955"},{"taxonomy":"post_tag","embeddable":true,"href":"https:\/\/fiat600light.com.ar\/index.php\/wp-json\/wp\/v2\/tags?post=8955"}],"curies":[{"name":"wp","href":"https:\/\/api.w.org\/{rel}","templated":true}]}}