{"id":9243,"date":"2023-12-02T00:21:42","date_gmt":"2023-12-02T00:21:42","guid":{"rendered":"https:\/\/fiat600light.com.ar\/?p=9243"},"modified":"2023-12-02T00:21:43","modified_gmt":"2023-12-02T00:21:43","slug":"por-la-copa-de-plata","status":"publish","type":"post","link":"https:\/\/fiat600light.com.ar\/index.php\/2023\/12\/02\/por-la-copa-de-plata\/","title":{"rendered":"POR LA COPA DE PLATA"},"content":{"rendered":"\n<p>Ezequiel Sevillano logr\u00f3 redondear una buena \u00faltima fecha y se trep\u00f3 a la cima de la Copa de Plata, por lo que buscar\u00e1 el t\u00edtulo en la \u00faltima fecha.<\/p>\n\n\n\n<p>\u201cVamos con ganas a la \u00faltima fecha, ya que en la carrera pasada el auto se mostr\u00f3 competitivo e hicimos un repaso general para ir de la mejor manera a esta.<img decoding=\"async\" width=\"1200\" height=\"816\" class=\"wp-image-9238 lazyload\" style=\"--smush-placeholder-width: 1200px; --smush-placeholder-aspect-ratio: 1200\/816;width: 1200px;\" data-src=\"https:\/\/fiat600light.com.ar\/wp-content\/uploads\/2023\/12\/DSC7554.jpg\" alt=\"\" data-srcset=\"https:\/\/fiat600light.com.ar\/wp-content\/uploads\/2023\/12\/DSC7554.jpg 1280w, https:\/\/fiat600light.com.ar\/wp-content\/uploads\/2023\/12\/DSC7554-300x204.jpg 300w, https:\/\/fiat600light.com.ar\/wp-content\/uploads\/2023\/12\/DSC7554-1024x696.jpg 1024w, https:\/\/fiat600light.com.ar\/wp-content\/uploads\/2023\/12\/DSC7554-768x522.jpg 768w\" data-sizes=\"auto, (max-width: 1200px) 100vw, 1200px\" src=\"data:image\/svg+xml;base64,PHN2ZyB3aWR0aD0iMSIgaGVpZ2h0PSIxIiB4bWxucz0iaHR0cDovL3d3dy53My5vcmcvMjAwMC9zdmciPjwvc3ZnPg==\" \/><\/p>\n\n\n\n<p>Espero que podamos redondear un buen fin de semana y motiva bastante estar peleando el torneo porque demuestra que el auto est\u00e1 competitivo, por lo que vamos a dar todo para poder llevarnos la Copa de Plata y poder sumar bien para el campeonato\u201d coment\u00f3 el de Ca\u00f1uelas.<\/p>\n","protected":false},"excerpt":{"rendered":"<p>Ezequiel Sevillano logr\u00f3 redondear una buena \u00faltima fecha y se trep\u00f3 a la cima de la Copa de Plata, por lo que buscar\u00e1 el t\u00edtulo en la \u00faltima fecha. \u201cVamos [&hellip;]<\/p>\n","protected":false},"author":2,"featured_media":9236,"comment_status":"open","ping_status":"open","sticky":false,"template":"","format":"standard","meta":{"ngg_post_thumbnail":0,"footnotes":""},"categories":[14],"tags":[],"class_list":["post-9243","post","type-post","status-publish","format-standard","has-post-thumbnail","hentry","category-noticias"],"blocksy_meta":[],"_links":{"self":[{"href":"https:\/\/fiat600light.com.ar\/index.php\/wp-json\/wp\/v2\/posts\/9243","targetHints":{"allow":["GET"]}}],"collection":[{"href":"https:\/\/fiat600light.com.ar\/index.php\/wp-json\/wp\/v2\/posts"}],"about":[{"href":"https:\/\/fiat600light.com.ar\/index.php\/wp-json\/wp\/v2\/types\/post"}],"author":[{"embeddable":true,"href":"https:\/\/fiat600light.com.ar\/index.php\/wp-json\/wp\/v2\/users\/2"}],"replies":[{"embeddable":true,"href":"https:\/\/fiat600light.com.ar\/index.php\/wp-json\/wp\/v2\/comments?post=9243"}],"version-history":[{"count":1,"href":"https:\/\/fiat600light.com.ar\/index.php\/wp-json\/wp\/v2\/posts\/9243\/revisions"}],"predecessor-version":[{"id":9244,"href":"https:\/\/fiat600light.com.ar\/index.php\/wp-json\/wp\/v2\/posts\/9243\/revisions\/9244"}],"wp:featuredmedia":[{"embeddable":true,"href":"https:\/\/fiat600light.com.ar\/index.php\/wp-json\/wp\/v2\/media\/9236"}],"wp:attachment":[{"href":"https:\/\/fiat600light.com.ar\/index.php\/wp-json\/wp\/v2\/media?parent=9243"}],"wp:term":[{"taxonomy":"category","embeddable":true,"href":"https:\/\/fiat600light.com.ar\/index.php\/wp-json\/wp\/v2\/categories?post=9243"},{"taxonomy":"post_tag","embeddable":true,"href":"https:\/\/fiat600light.com.ar\/index.php\/wp-json\/wp\/v2\/tags?post=9243"}],"curies":[{"name":"wp","href":"https:\/\/api.w.org\/{rel}","templated":true}]}}