{"id":9245,"date":"2023-12-02T00:22:52","date_gmt":"2023-12-02T00:22:52","guid":{"rendered":"https:\/\/fiat600light.com.ar\/?p=9245"},"modified":"2023-12-02T00:22:52","modified_gmt":"2023-12-02T00:22:52","slug":"por-la-consagracion","status":"publish","type":"post","link":"https:\/\/fiat600light.com.ar\/index.php\/2023\/12\/02\/por-la-consagracion\/","title":{"rendered":"POR LA CONSAGRACION"},"content":{"rendered":"\n<p>Javier Caldeiro es el l\u00edder de la Copa de Plata y viene con una temporada en constante crecimiento, por lo que buscar\u00e1 consagrarse este fin de semana sobre el auto que le entrega el NP Competici\u00f3n.<br><a href=\"https:\/\/www.instagram.com\/javiercaldeiro\/\">@javiercaldeiro<\/a><br>\u201cVamos a tratar de ser protagonistas e intentar nuevamente estar firmes entre los 10 primeros. <\/p>\n\n\n\n<p><img decoding=\"async\" width=\"1200\" height=\"816\" class=\"wp-image-9232 lazyload\" style=\"--smush-placeholder-width: 1200px; --smush-placeholder-aspect-ratio: 1200\/816;width: 1200px;\" data-src=\"https:\/\/fiat600light.com.ar\/wp-content\/uploads\/2023\/12\/DSC8023.jpg\" alt=\"\" data-srcset=\"https:\/\/fiat600light.com.ar\/wp-content\/uploads\/2023\/12\/DSC8023.jpg 1280w, https:\/\/fiat600light.com.ar\/wp-content\/uploads\/2023\/12\/DSC8023-300x204.jpg 300w, https:\/\/fiat600light.com.ar\/wp-content\/uploads\/2023\/12\/DSC8023-1024x696.jpg 1024w, https:\/\/fiat600light.com.ar\/wp-content\/uploads\/2023\/12\/DSC8023-768x522.jpg 768w\" data-sizes=\"auto, (max-width: 1200px) 100vw, 1200px\" src=\"data:image\/svg+xml;base64,PHN2ZyB3aWR0aD0iMSIgaGVpZ2h0PSIxIiB4bWxucz0iaHR0cDovL3d3dy53My5vcmcvMjAwMC9zdmciPjwvc3ZnPg==\" \/>Ojal\u00e1 podamos conseguir el t\u00edtulo de la Copa de Plata, si bien estoy primero hay varios autos que est\u00e1n firmes, pero vamos a dar lo mejor para poder lograrlo.<\/p>\n\n\n\n<p>En cuanto al auto vamos hacer un chequeo general para intentar redondear un buen resultado\u201d.<\/p>\n","protected":false},"excerpt":{"rendered":"<p>Javier Caldeiro es el l\u00edder de la Copa de Plata y viene con una temporada en constante crecimiento, por lo que buscar\u00e1 consagrarse este fin de semana sobre el auto [&hellip;]<\/p>\n","protected":false},"author":2,"featured_media":9233,"comment_status":"open","ping_status":"open","sticky":false,"template":"","format":"standard","meta":{"ngg_post_thumbnail":0,"footnotes":""},"categories":[14],"tags":[],"class_list":["post-9245","post","type-post","status-publish","format-standard","has-post-thumbnail","hentry","category-noticias"],"blocksy_meta":[],"_links":{"self":[{"href":"https:\/\/fiat600light.com.ar\/index.php\/wp-json\/wp\/v2\/posts\/9245","targetHints":{"allow":["GET"]}}],"collection":[{"href":"https:\/\/fiat600light.com.ar\/index.php\/wp-json\/wp\/v2\/posts"}],"about":[{"href":"https:\/\/fiat600light.com.ar\/index.php\/wp-json\/wp\/v2\/types\/post"}],"author":[{"embeddable":true,"href":"https:\/\/fiat600light.com.ar\/index.php\/wp-json\/wp\/v2\/users\/2"}],"replies":[{"embeddable":true,"href":"https:\/\/fiat600light.com.ar\/index.php\/wp-json\/wp\/v2\/comments?post=9245"}],"version-history":[{"count":1,"href":"https:\/\/fiat600light.com.ar\/index.php\/wp-json\/wp\/v2\/posts\/9245\/revisions"}],"predecessor-version":[{"id":9246,"href":"https:\/\/fiat600light.com.ar\/index.php\/wp-json\/wp\/v2\/posts\/9245\/revisions\/9246"}],"wp:featuredmedia":[{"embeddable":true,"href":"https:\/\/fiat600light.com.ar\/index.php\/wp-json\/wp\/v2\/media\/9233"}],"wp:attachment":[{"href":"https:\/\/fiat600light.com.ar\/index.php\/wp-json\/wp\/v2\/media?parent=9245"}],"wp:term":[{"taxonomy":"category","embeddable":true,"href":"https:\/\/fiat600light.com.ar\/index.php\/wp-json\/wp\/v2\/categories?post=9245"},{"taxonomy":"post_tag","embeddable":true,"href":"https:\/\/fiat600light.com.ar\/index.php\/wp-json\/wp\/v2\/tags?post=9245"}],"curies":[{"name":"wp","href":"https:\/\/api.w.org\/{rel}","templated":true}]}}