{"id":9657,"date":"2024-04-26T00:37:37","date_gmt":"2024-04-26T00:37:37","guid":{"rendered":"https:\/\/fiat600light.com.ar\/?p=9657"},"modified":"2024-04-26T00:37:38","modified_gmt":"2024-04-26T00:37:38","slug":"recupero-el-protagonismo-2","status":"publish","type":"post","link":"https:\/\/fiat600light.com.ar\/index.php\/2024\/04\/26\/recupero-el-protagonismo-2\/","title":{"rendered":"RECUPERO EL PROTAGONISMO"},"content":{"rendered":"\n<p>Mat\u00edas Calvi\u00f1o volvi\u00f3 a ser uno de los animadores de los Fiat 600 Light 1.3 en este inicio de campeonato y tras marcar la \u201cpole\u201d, pele\u00f3 en ambas finales. En la primera un error lo priv\u00f3 del podio, pero se recuper\u00f3 de gran manera en la segunda donde lleg\u00f3 3\u00ba y sac\u00f3 chapa para ser uno de los animadores del campeonato sobre el auto que le entrega el EMG Motores.<img decoding=\"async\" width=\"1200\" height=\"800\" class=\"wp-image-9658 lazyload\" style=\"--smush-placeholder-width: 1200px; --smush-placeholder-aspect-ratio: 1200\/800;width: 1200px;\" data-src=\"https:\/\/fiat600light.com.ar\/wp-content\/uploads\/2024\/04\/DSC_5626.jpg\" alt=\"\" data-srcset=\"https:\/\/fiat600light.com.ar\/wp-content\/uploads\/2024\/04\/DSC_5626.jpg 1280w, https:\/\/fiat600light.com.ar\/wp-content\/uploads\/2024\/04\/DSC_5626-300x200.jpg 300w, https:\/\/fiat600light.com.ar\/wp-content\/uploads\/2024\/04\/DSC_5626-1024x682.jpg 1024w, https:\/\/fiat600light.com.ar\/wp-content\/uploads\/2024\/04\/DSC_5626-768x512.jpg 768w\" data-sizes=\"auto, (max-width: 1200px) 100vw, 1200px\" src=\"data:image\/svg+xml;base64,PHN2ZyB3aWR0aD0iMSIgaGVpZ2h0PSIxIiB4bWxucz0iaHR0cDovL3d3dy53My5vcmcvMjAwMC9zdmciPjwvc3ZnPg==\" \/><br><a href=\"https:\/\/www.instagram.com\/matias.calvino.9\/\">@matias.calvino.9<\/a><br>\u201cEl auto funcion\u00f3 muy bien, el viernes probamos y pudimos ponerlo bien a punto. El s\u00e1bado fuimos de menor a mayor, pudimos hacer la \u2018pole\u2019 con una vuelta muy buena y estoy contento de volver a ser competitivo, lo cual nos deja un poco m\u00e1s tranquilos para encarar el a\u00f1o\u201d cerr\u00f3.<\/p>\n","protected":false},"excerpt":{"rendered":"<p>Mat\u00edas Calvi\u00f1o volvi\u00f3 a ser uno de los animadores de los Fiat 600 Light 1.3 en este inicio de campeonato y tras marcar la \u201cpole\u201d, pele\u00f3 en ambas finales. En [&hellip;]<\/p>\n","protected":false},"author":2,"featured_media":9659,"comment_status":"open","ping_status":"open","sticky":false,"template":"","format":"standard","meta":{"ngg_post_thumbnail":0,"footnotes":""},"categories":[14],"tags":[],"class_list":["post-9657","post","type-post","status-publish","format-standard","has-post-thumbnail","hentry","category-noticias"],"blocksy_meta":[],"_links":{"self":[{"href":"https:\/\/fiat600light.com.ar\/index.php\/wp-json\/wp\/v2\/posts\/9657","targetHints":{"allow":["GET"]}}],"collection":[{"href":"https:\/\/fiat600light.com.ar\/index.php\/wp-json\/wp\/v2\/posts"}],"about":[{"href":"https:\/\/fiat600light.com.ar\/index.php\/wp-json\/wp\/v2\/types\/post"}],"author":[{"embeddable":true,"href":"https:\/\/fiat600light.com.ar\/index.php\/wp-json\/wp\/v2\/users\/2"}],"replies":[{"embeddable":true,"href":"https:\/\/fiat600light.com.ar\/index.php\/wp-json\/wp\/v2\/comments?post=9657"}],"version-history":[{"count":1,"href":"https:\/\/fiat600light.com.ar\/index.php\/wp-json\/wp\/v2\/posts\/9657\/revisions"}],"predecessor-version":[{"id":9660,"href":"https:\/\/fiat600light.com.ar\/index.php\/wp-json\/wp\/v2\/posts\/9657\/revisions\/9660"}],"wp:featuredmedia":[{"embeddable":true,"href":"https:\/\/fiat600light.com.ar\/index.php\/wp-json\/wp\/v2\/media\/9659"}],"wp:attachment":[{"href":"https:\/\/fiat600light.com.ar\/index.php\/wp-json\/wp\/v2\/media?parent=9657"}],"wp:term":[{"taxonomy":"category","embeddable":true,"href":"https:\/\/fiat600light.com.ar\/index.php\/wp-json\/wp\/v2\/categories?post=9657"},{"taxonomy":"post_tag","embeddable":true,"href":"https:\/\/fiat600light.com.ar\/index.php\/wp-json\/wp\/v2\/tags?post=9657"}],"curies":[{"name":"wp","href":"https:\/\/api.w.org\/{rel}","templated":true}]}}