{"id":9661,"date":"2024-04-26T00:39:05","date_gmt":"2024-04-26T00:39:05","guid":{"rendered":"https:\/\/fiat600light.com.ar\/?p=9661"},"modified":"2024-04-26T00:39:06","modified_gmt":"2024-04-26T00:39:06","slug":"de-menor-a-mayor-2","status":"publish","type":"post","link":"https:\/\/fiat600light.com.ar\/index.php\/2024\/04\/26\/de-menor-a-mayor-2\/","title":{"rendered":"DE MENOR A MAYOR"},"content":{"rendered":"\n<p>As\u00ed fue el fin de semana en la apertura del a\u00f1o de Daniel Caziani. El de Lan\u00fas fue encontrando un mejor funcionamiento en cada salida a pista y termin\u00f3 4\u00ba en la segunda final, redondeando un buen domingo y quedando 6\u00ba en la tabla anual, donde suma 19 unidades.<img decoding=\"async\" width=\"1200\" height=\"800\" class=\"wp-image-9662 lazyload\" style=\"--smush-placeholder-width: 1200px; --smush-placeholder-aspect-ratio: 1200\/800;width: 1200px;\" data-src=\"https:\/\/fiat600light.com.ar\/wp-content\/uploads\/2024\/04\/DSC9669.jpg\" alt=\"\" data-srcset=\"https:\/\/fiat600light.com.ar\/wp-content\/uploads\/2024\/04\/DSC9669.jpg 1280w, https:\/\/fiat600light.com.ar\/wp-content\/uploads\/2024\/04\/DSC9669-300x200.jpg 300w, https:\/\/fiat600light.com.ar\/wp-content\/uploads\/2024\/04\/DSC9669-1024x682.jpg 1024w, https:\/\/fiat600light.com.ar\/wp-content\/uploads\/2024\/04\/DSC9669-768x512.jpg 768w\" data-sizes=\"auto, (max-width: 1200px) 100vw, 1200px\" src=\"data:image\/svg+xml;base64,PHN2ZyB3aWR0aD0iMSIgaGVpZ2h0PSIxIiB4bWxucz0iaHR0cDovL3d3dy53My5vcmcvMjAwMC9zdmciPjwvc3ZnPg==\" \/><br><a href=\"https:\/\/www.instagram.com\/dany_caziani\/\">@dany_caziani<\/a><br>\u201cEl auto mejor\u00f3 en la medida que fuimos trabajando. P\u00e1rrafo aparte para mi amigo \u2018Pi\u00f1\u00f3n\u2019 que me ayud\u00f3 mucho y en la clasificaci\u00f3n el motor nos mand\u00f3 para atr\u00e1s, pero en la segunda final giramos en los tiempos de punta. Las posiciones finales eran inciertas, ven\u00edamos muy juntos, con lo justo. Para la pr\u00f3xima haremos ajustes m\u00ednimos en el chasis y en el motor para dejarlo a punto\u201d.<\/p>\n","protected":false},"excerpt":{"rendered":"<p>As\u00ed fue el fin de semana en la apertura del a\u00f1o de Daniel Caziani. El de Lan\u00fas fue encontrando un mejor funcionamiento en cada salida a pista y termin\u00f3 4\u00ba [&hellip;]<\/p>\n","protected":false},"author":2,"featured_media":9663,"comment_status":"open","ping_status":"open","sticky":false,"template":"","format":"standard","meta":{"ngg_post_thumbnail":0,"footnotes":""},"categories":[14],"tags":[],"class_list":["post-9661","post","type-post","status-publish","format-standard","has-post-thumbnail","hentry","category-noticias"],"blocksy_meta":[],"_links":{"self":[{"href":"https:\/\/fiat600light.com.ar\/index.php\/wp-json\/wp\/v2\/posts\/9661","targetHints":{"allow":["GET"]}}],"collection":[{"href":"https:\/\/fiat600light.com.ar\/index.php\/wp-json\/wp\/v2\/posts"}],"about":[{"href":"https:\/\/fiat600light.com.ar\/index.php\/wp-json\/wp\/v2\/types\/post"}],"author":[{"embeddable":true,"href":"https:\/\/fiat600light.com.ar\/index.php\/wp-json\/wp\/v2\/users\/2"}],"replies":[{"embeddable":true,"href":"https:\/\/fiat600light.com.ar\/index.php\/wp-json\/wp\/v2\/comments?post=9661"}],"version-history":[{"count":1,"href":"https:\/\/fiat600light.com.ar\/index.php\/wp-json\/wp\/v2\/posts\/9661\/revisions"}],"predecessor-version":[{"id":9664,"href":"https:\/\/fiat600light.com.ar\/index.php\/wp-json\/wp\/v2\/posts\/9661\/revisions\/9664"}],"wp:featuredmedia":[{"embeddable":true,"href":"https:\/\/fiat600light.com.ar\/index.php\/wp-json\/wp\/v2\/media\/9663"}],"wp:attachment":[{"href":"https:\/\/fiat600light.com.ar\/index.php\/wp-json\/wp\/v2\/media?parent=9661"}],"wp:term":[{"taxonomy":"category","embeddable":true,"href":"https:\/\/fiat600light.com.ar\/index.php\/wp-json\/wp\/v2\/categories?post=9661"},{"taxonomy":"post_tag","embeddable":true,"href":"https:\/\/fiat600light.com.ar\/index.php\/wp-json\/wp\/v2\/tags?post=9661"}],"curies":[{"name":"wp","href":"https:\/\/api.w.org\/{rel}","templated":true}]}}